{"id":47963,"date":"2024-06-06T16:28:54","date_gmt":"2024-06-06T16:28:54","guid":{"rendered":"https:\/\/newonclusivstg.wpengine.com\/?p=47963"},"modified":"2026-04-29T16:07:29","modified_gmt":"2026-04-29T16:07:29","slug":"election-year-trend-analysis-in-media-and-social-media","status":"publish","type":"post","link":"https:\/\/onclusive.com\/en-gb\/resources\/blog\/election-year-trend-analysis-in-media-and-social-media\/","title":{"rendered":"\u201cElection Year\u201d: Trend Analysis in Media and Social Media"},"content":{"rendered":"\n<section\n    class=\"block-pcon\">\n\n      \n\t\t\t<div class=\"post_content--wrapper\">\n\t\t\t\t<div class=\"post_content--copy  \">\n\t\t\t\t\t<div class=\"post_content--copy-inner-wrapper\">\n\n\n\t\t\t\t\t\t\t\t\t\t\t\t\t<div class=\"post_content-copy-wrapper\">\n\t\t\t\t\t\t\t\t\t\t\t\t\t\t\t  \t\t<p>This year, more than 60 countries are holding national elections. With that, 2024 is considered to be an &#8220;exceptional election year&#8221;, perhaps the most important in history. It\u2019s estimated that nearly 2 billion voters, or around 25% of the world&#8217;s population, will take part in the ballots .<\/p>\n<p>Crucial and highly anticipated elections will be held in densely populated countries such as the USA, Mexico, India, and Indonesia, to name but a few. The European Union&#8217;s parliamentary elections in June are the most significant vote of the year in Europe. And the UK will also hold its general election on July 4, with the Labour Party set to return to power after 14 years of Conservative governance.<\/p>\n<p>At Onclusive, we&#8217;re scrutinising these elections in both traditional and social media to draw out lessons and insights. This data is collected via our <a href=\"https:\/\/onclusive.com\/en-gb\/what-we-do\/monitoring\/social-listening\/\">social media listening<\/a>, <a href=\"https:\/\/onclusive.com\/en-gb\/what-we-do\/monitoring\/\">media monitoring<\/a>, and <a href=\"https:\/\/onclusive.com\/en-gb\/what-we-do\/measurement\/\">media measurement tools<\/a>.<\/p>\n<p>&nbsp;<\/p>\n<h2><b>I. Conversations about elections on social media: a comparison of 4 major elections<\/b><\/h2>\n<p><span style=\"font-weight: 400;\">Let&#8217;s take a look at the US Elections (November 2024), the European Elections, the Mexican Elections (June), and the UK Elections (July).<\/span><\/p>\n<p><img fetchpriority=\"high\" decoding=\"async\" fetchpriority=\"high\" class=\"wp-image-47845 alignnone\" src=\"https:\/\/onclusive.com\/wp-content\/uploads\/2024\/06\/Election-Year-Media-Trend-Analysis-1-e1717689257611.png\" alt=\"\" width=\"680\" height=\"527\" srcset=\"https:\/\/onclusive.com\/wp-content\/uploads\/2024\/06\/Election-Year-Media-Trend-Analysis-1-e1717689257611.png 900w, https:\/\/onclusive.com\/wp-content\/uploads\/2024\/06\/Election-Year-Media-Trend-Analysis-1-e1717689257611-300x233.png 300w, https:\/\/onclusive.com\/wp-content\/uploads\/2024\/06\/Election-Year-Media-Trend-Analysis-1-e1717689257611-768x596.png 768w, https:\/\/onclusive.com\/wp-content\/uploads\/2024\/06\/Election-Year-Media-Trend-Analysis-1-e1717689257611-640x496.png 640w\" sizes=\"(max-width: 639px) 98vw, (max-width: 1199px) 64vw, 680px\" \/><\/p>\n<p><b>Interest in the 2024 US elections dominates social media discussion overall. <\/b><span style=\"font-weight: 400;\">With over 100 million mentions in the last 6 months, the US presidential election is generating an incredible number of messages on social media, in numerous languages. Topics including foreign policy, border control, and the two candidates &#8211; Trump and Biden &#8211; are the most discussed.\u00a0<\/span><\/p>\n<p>&nbsp;<\/p>\n<p><span style=\"font-weight: 400;\">The popularity of the US election across global social media is unsurprising. US leaders and their policies inevitably create an international impact; whether economic and\/or geopolitical. International tensions and conflicts, particularly in Ukraine and the Middle East, make North American politics a focus of attention for many countries. In addition, Trump&#8217;s highly divisive personality, his liabilities surrounding the storming of the Capitol, and his numerous legal setbacks accentuate the volume of messages.<\/span><\/p>\n<p>&nbsp;<\/p>\n<p><b>The European elections from June 6 &#8211; 9 <\/b><span style=\"font-weight: 400;\">have generated the fewest mentions: &#8220;only&#8221; 15.2 million, which is very low considering the 27 countries involved and the 358.9 million Europeans entitled to vote. However, since the beginning of April, as the televised debates between candidates have multiplied, comments on social networks have increased by 17%.<\/span><\/p>\n<p>&nbsp;<\/p>\n<p><b>By comparison, the UK&#8217;s General Election<\/b><span style=\"font-weight: 400;\">,<\/span> <span style=\"font-weight: 400;\">fixed for July 4, generates much more interest proportionately. On May 22, the British Prime Minister, Rishi Sunak, called a general election earlier than expected. Conversations have since reached 2 million mentions, with a year-to-date total of over 5 million mentions. The discussions often revolve around the question: Why did the Prime Minister call an election he\u2019s almost certain to lose? For months, polls have placed Sunak&#8217;s Conservative Party well behind the opposition Labour Party. And as things stand, Labour leader, Keir Starmer, should not only win power, but also gain a huge parliamentary majority.<\/span><\/p>\n<p>&nbsp;<\/p>\n<p><b>In Mexico, the General elections<\/b><span style=\"font-weight: 400;\"> on June 2 attracted over 39 million mentions (90% of which were in Spanish). <\/span><span style=\"font-weight: 400;\">Beyond the 3 candidates, social media messages concern a large number of Mexican institutions. The<\/span><span style=\"font-weight: 400;\"> stakes are high. These elections include:<\/span><\/p>\n<ul>\n<li style=\"font-weight: 400;\" aria-level=\"1\"><span style=\"font-weight: 400;\">T<\/span><span style=\"font-weight: 400;\">he election of the <\/span><a href=\"https:\/\/fr.wikipedia.org\/wiki\/Pr%C3%A9sident_des_%C3%89tats-Unis_mexicains\" target=\"_blank\" rel=\"noopener\"><span style=\"font-weight: 400;\">president<\/span><\/a><\/li>\n<li style=\"font-weight: 400;\" aria-level=\"1\"><span style=\"font-weight: 400;\">Legislative elections renewing both chambers<\/span><\/li>\n<li style=\"font-weight: 400;\" aria-level=\"1\"><a href=\"https:\/\/fr.wikipedia.org\/wiki\/%C3%89lections_%C3%A9tatiques_mexicaines_de_2024\" target=\"_blank\" rel=\"noopener\"><span style=\"font-weight: 400;\">State elections<\/span><\/a><span style=\"font-weight: 400;\"> renewing governors in 8 of the 31 <\/span><a href=\"https:\/\/fr.wikipedia.org\/wiki\/%C3%89tats_du_Mexique\" target=\"_blank\" rel=\"noopener\"><span style=\"font-weight: 400;\">states<\/span><\/a><\/li>\n<li style=\"font-weight: 400;\" aria-level=\"1\"><span style=\"font-weight: 400;\">M<\/span><span style=\"font-weight: 400;\">unicipal elections.<\/span><\/li>\n<\/ul>\n<p>&nbsp;<\/p>\n<p><span style=\"font-weight: 400;\">Let&#8217;s take a closer look at each of these.<\/span><\/p>\n<p>&nbsp;<\/p>\n<h2><b>II. Focus on 4 elections: <\/b><b>media monitoring and social listening<\/b><\/h2>\n<h3><b>A. Mexican general elections 2024 (June 2)<\/b><\/h3>\n<h4><b>1. Candidates<\/b><\/h4>\n<p><span style=\"font-weight: 400;\">The two leading candidates were:\u00a0<\/span><\/p>\n<ul>\n<li style=\"font-weight: 400;\" aria-level=\"1\"><span style=\"font-weight: 400;\">Claudia Sheinbaum (<\/span><a href=\"https:\/\/es.wikipedia.org\/wiki\/Sigamos_Haciendo_Historia\" target=\"_blank\" rel=\"noopener\"><b>Sigamos Haciendo Historia<\/b><\/a><span style=\"font-weight: 400;\">), scientist and former mayor of Mexico City<\/span><\/li>\n<li style=\"font-weight: 400;\" aria-level=\"1\"><span style=\"font-weight: 400;\">X\u00f3chitl G\u00e1lvez (<\/span><a href=\"https:\/\/es.wikipedia.org\/wiki\/Fuerza_y_Coraz%C3%B3n_por_M%C3%A9xico\" target=\"_blank\" rel=\"noopener\"><b>Fuerza y Coraz\u00f3n por M\u00e9xico<\/b><\/a><span style=\"font-weight: 400;\">), outspoken former senator and technology entrepreneur.\u00a0<\/span><\/li>\n<\/ul>\n<p><span style=\"font-weight: 400;\">Ms. Sheinbaum was a favourite in the polls not least because of her commitment to pursuing the agenda of the current president, Mr. L\u00f3pez Obrador.<\/span><\/p>\n<p><span style=\"font-weight: 400;\">Jorge \u00c1lvarez Maynez will also be running for the Citizens&#8217; Movement party. Opinion polls didn\u2019t favour him over his competitors, but he tried to attract young voters and people who feel frustrated by the current president&#8217;s Morena party and the opposition.<\/span><\/p>\n<p><span style=\"font-weight: 400;\">The latest polls, as of May 28, showed the following breakdown of voting intentions: Claudia Sheinbaum: 53%, X\u00f3chitl G\u00e1lvez: 36%, and Jorge \u00c1lvarez M\u00e1ynez: 11%.<\/span><\/p>\n<p><img loading=\"lazy\" decoding=\"async\" class=\"wp-image-47936 alignnone\" src=\"https:\/\/onclusive.com\/wp-content\/uploads\/2024\/06\/Election-Year-Media-Trend-Analysis-2-e1717689308323.png\" alt=\"\" width=\"681\" height=\"432\" srcset=\"https:\/\/onclusive.com\/wp-content\/uploads\/2024\/06\/Election-Year-Media-Trend-Analysis-2-e1717689308323.png 902w, https:\/\/onclusive.com\/wp-content\/uploads\/2024\/06\/Election-Year-Media-Trend-Analysis-2-e1717689308323-300x191.png 300w, https:\/\/onclusive.com\/wp-content\/uploads\/2024\/06\/Election-Year-Media-Trend-Analysis-2-e1717689308323-768x488.png 768w, https:\/\/onclusive.com\/wp-content\/uploads\/2024\/06\/Election-Year-Media-Trend-Analysis-2-e1717689308323-640x407.png 640w\" sizes=\"(max-width: 639px) 98vw, (max-width: 1199px) 64vw, 681px\" \/><\/p>\n<p><b>In the end, <\/b><span style=\"font-weight: 400;\">Claudia Sheinbaum won the election and received between 58.3% and 60.7% of the vote, according to an estimate by the <\/span><a href=\"https:\/\/apnews.com\/live\/mexico-election-results-updates#0000018f-dcad-deaa-a7ff-dfef06fd0000\" target=\"_blank\" rel=\"noopener\"><span style=\"font-weight: 400;\">National Electoral Institute&#8217;s president<\/span><\/a><span style=\"font-weight: 400;\">.<\/span><\/p>\n<p>&nbsp;<\/p>\n<p><span style=\"font-weight: 400;\">But does the share of voice on social media reflect the voting intention results in the polls and\u00a0 the final election results? This is a valid question for every election. The answers vary according to each election and the performance of the communities and resources committed to social media by the campaign teams. In the case of the Mexican election, <\/span><span style=\"font-weight: 400;\">over the last 6 months, X\u00f3chitl G\u00e1lvez, had 3 times more social media mentions than poll favourite, Claudia Sheinbaum, i.e. 30 million vs. 10 million.<\/span><\/p>\n<p>&nbsp;<\/p>\n<p><span style=\"font-weight: 400;\">There are several reasons for this:\u00a0<\/span><\/p>\n<ul>\n<li style=\"font-weight: 400;\" aria-level=\"1\"><span style=\"font-weight: 400;\">Social media users tend to talk more about the opposition: X\u00f3chitl G\u00e1lvez represents the main group competing against the alliance led by the current president with Claudia Sheinbaum at the helm.\u00a0<\/span><\/li>\n<li style=\"font-weight: 400;\" aria-level=\"1\"><span style=\"font-weight: 400;\">Secondly, G\u00e1lvez attracts a larger community on social networks; the number of people publishing messages about her is 3 times greater than for her competitor.<\/span><\/li>\n<\/ul>\n<p>&nbsp;<\/p>\n<h4><b>2. Campaign topics<\/b><\/h4>\n<p><span style=\"font-weight: 400;\">The issues most associated with the 2 leading candidates are:\u00a0<\/span><\/p>\n<ul>\n<li style=\"font-weight: 400;\" aria-level=\"1\"><span style=\"font-weight: 400;\">The healthcare system<\/span><\/li>\n<li style=\"font-weight: 400;\" aria-level=\"1\"><span style=\"font-weight: 400;\">Corruption<\/span><\/li>\n<li style=\"font-weight: 400;\" aria-level=\"1\"><span style=\"font-weight: 400;\">Education<\/span><\/li>\n<li style=\"font-weight: 400;\" aria-level=\"1\"><span style=\"font-weight: 400;\">Organised crime<\/span><\/li>\n<\/ul>\n<p><span style=\"font-weight: 400;\">Surprisingly, the topic of migration only came in 7th place, despite the fact that national and international media highlighted it as a major campaign issue.<\/span><\/p>\n<h2><img loading=\"lazy\" decoding=\"async\" class=\"wp-image-47929 alignnone\" src=\"https:\/\/onclusive.com\/wp-content\/uploads\/2024\/06\/Election-Year-Media-Trend-Analysis-3-e1717689403912.png\" alt=\"\" width=\"685\" height=\"237\" srcset=\"https:\/\/onclusive.com\/wp-content\/uploads\/2024\/06\/Election-Year-Media-Trend-Analysis-3-e1717689403912.png 905w, https:\/\/onclusive.com\/wp-content\/uploads\/2024\/06\/Election-Year-Media-Trend-Analysis-3-e1717689403912-300x104.png 300w, https:\/\/onclusive.com\/wp-content\/uploads\/2024\/06\/Election-Year-Media-Trend-Analysis-3-e1717689403912-768x266.png 768w, https:\/\/onclusive.com\/wp-content\/uploads\/2024\/06\/Election-Year-Media-Trend-Analysis-3-e1717689403912-640x221.png 640w\" sizes=\"(max-width: 639px) 98vw, (max-width: 1199px) 64vw, 685px\" \/><b><br \/>\n<\/b><b><br \/>\n<\/b><b>B. 2024 European Elections (June 6 &#8211; 9), view from France<\/b><b><\/b><\/h2>\n<h4><b>1. In the Media<\/b><\/h4>\n<p>In traditional media, the visibility of the 2024 European elections in France is almost 30% lower than in 2019. Using our media measurement tools, we were able to see that the European election campaign generated a 7,147 Media Noise Unit (UBM) as well as 4,715 mentions (TV\/radio subjects and published articles) in 2019. Compared to a 5,030 UBM and 3,647 mentions in 2024.<\/p>\n<p><img loading=\"lazy\" decoding=\"async\" loading=\"lazy\" class=\"wp-image-47922 alignnone\" src=\"https:\/\/onclusive.com\/wp-content\/uploads\/2024\/06\/Election-Year-Media-Trend-Analysis-4-e1717689389591.png\" alt=\"\" width=\"680\" height=\"296\" srcset=\"https:\/\/onclusive.com\/wp-content\/uploads\/2024\/06\/Election-Year-Media-Trend-Analysis-4-e1717689389591.png 905w, https:\/\/onclusive.com\/wp-content\/uploads\/2024\/06\/Election-Year-Media-Trend-Analysis-4-e1717689389591-300x131.png 300w, https:\/\/onclusive.com\/wp-content\/uploads\/2024\/06\/Election-Year-Media-Trend-Analysis-4-e1717689389591-768x334.png 768w, https:\/\/onclusive.com\/wp-content\/uploads\/2024\/06\/Election-Year-Media-Trend-Analysis-4-e1717689389591-640x279.png 640w\" sizes=\"auto, (max-width: 639px) 98vw, (max-width: 1199px) 64vw, 680px\" \/><\/p>\n<p><span style=\"font-weight: 400;\">This is one of the findings from the study on media coverage of the European elections. Published by the Fondation Jean Jaur\u00e8s in partnership with INA, Confrontations Europe, and Onclusive.<\/span><\/p>\n<p><span style=\"font-size: 12px; line-height: 1em;\">(1) ONCLUSIVE&#8217;s UBM (Media Noise Unit) barometer measures the media impact of topical issues, companies and personalities on a panel of 120 sources. It has a representative corpus of the leading media in terms of general public audience in France, taking into account the most powerful print and online media and the TV and radio time slots that generate the most contacts. It enables us to measure the intensity of media pressure and monitor changes in it as closely as possible to real time. With 100 UBM, it&#8217;s as if every French person aged 15 and over had been exposed once to 1 page or 1 minute of information on the subject.<\/span><\/p>\n<p>&nbsp;<\/p>\n<p><span style=\"font-weight: 400;\">The data covers the period from April 1\u00a0 &#8211; May 20 2024. The study covers 117 print and online press sources, newspapers, and radio and TV broadcasts, representing a total of 3,647 articles and reports over the period.\u00a0<\/span><\/p>\n<p><img loading=\"lazy\" decoding=\"async\" loading=\"lazy\" class=\"wp-image-47915 alignnone\" src=\"https:\/\/onclusive.com\/wp-content\/uploads\/2024\/06\/Election-Year-Media-Trend-Analysis-5-e1717689487515.png\" alt=\"\" width=\"681\" height=\"448\" srcset=\"https:\/\/onclusive.com\/wp-content\/uploads\/2024\/06\/Election-Year-Media-Trend-Analysis-5-e1717689487515.png 908w, https:\/\/onclusive.com\/wp-content\/uploads\/2024\/06\/Election-Year-Media-Trend-Analysis-5-e1717689487515-300x198.png 300w, https:\/\/onclusive.com\/wp-content\/uploads\/2024\/06\/Election-Year-Media-Trend-Analysis-5-e1717689487515-768x506.png 768w, https:\/\/onclusive.com\/wp-content\/uploads\/2024\/06\/Election-Year-Media-Trend-Analysis-5-e1717689487515-640x421.png 640w\" sizes=\"auto, (max-width: 639px) 98vw, (max-width: 1199px) 64vw, 681px\" \/><\/p>\n<p><strong>The 2024 European elections generated a 5,030 Media Noise Unit (UBM) in the 117 mainstream media monitored, including a 2,274 UBM for TV channels alone.<\/strong><\/p>\n<p><span style=\"font-weight: 400;\">The European elections are often relegated to second place in the hierarchy of events covered by the mainstream French media. In comparison, football and French domestic politics dominate the media space, occupying the top spots. Even when it peaked in 2019, media coverage of the European elections only made up two-thirds (67%) of that given to the 2022 parliamentary elections.<\/span><\/p>\n<p>&nbsp;<\/p>\n<p><b>Campaign themes in the media<\/b><\/p>\n<p><span style=\"font-weight: 400;\">News media monitoring shows <\/span><span style=\"font-weight: 400;\">that <\/span><span style=\"font-weight: 400;\">environmental issues are at the forefront of the campaign. European debates on agriculture and environmental standards account for 9% of the campaign noise. Followed by themes surrounding purchasing power, immigration, the war in Ukraine, and climate challenges, which make up 20% of the noise generated by the European election campaign in the period studied. Ukraine and immigration, each accounting for 7% of media volume, rank second and third respectively.<\/span><\/p>\n<p>&nbsp;<\/p>\n<h4><b>2. In social media<\/b><\/h4>\n<p><b>The candidates<br \/>\n<img loading=\"lazy\" decoding=\"async\" loading=\"lazy\" class=\"wp-image-47944 alignnone\" src=\"https:\/\/onclusive.com\/wp-content\/uploads\/2024\/06\/Screenshot-2024-06-06-120522.png\" alt=\"\" width=\"680\" height=\"441\" srcset=\"https:\/\/onclusive.com\/wp-content\/uploads\/2024\/06\/Screenshot-2024-06-06-120522.png 833w, https:\/\/onclusive.com\/wp-content\/uploads\/2024\/06\/Screenshot-2024-06-06-120522-300x194.png 300w, https:\/\/onclusive.com\/wp-content\/uploads\/2024\/06\/Screenshot-2024-06-06-120522-768x498.png 768w, https:\/\/onclusive.com\/wp-content\/uploads\/2024\/06\/Screenshot-2024-06-06-120522-640x415.png 640w\" sizes=\"auto, (max-width: 639px) 98vw, (max-width: 1199px) 64vw, 680px\" \/><br \/>\n<\/b><\/p>\n<p><span style=\"font-weight: 400;\">According to our social media listening tools, the candidates&#8217; shares of voice across social media are quite different from poll rankings and more evenly distributed. So, while Jordan Bardella (RN, far-right candidate) is well ahead in the polls and in share of voice overall, Val\u00e9rie Hayer (Renaissance, liberals) and Marion Mar\u00e9chal (Reconqu\u00eate!, far-right) have greater visibility on social media in relation to voting intentions.\u00a0<\/span><\/p>\n<p>&nbsp;<\/p>\n<p><span style=\"font-weight: 400;\">Conversations on social media often pit the clear favourite &#8211; Jordan Bardella &#8211; against Val\u00e9rie Hayer, seen as the candidate of the powers that be. And, far-right communities are historically very active on social media. This also explains Marion Mar\u00e9chal&#8217;s high share of voice.\u00a0<\/span><\/p>\n<p>&nbsp;<\/p>\n<p><span style=\"font-weight: 400;\">The biggest gap among the poll favourites concerns social democrat, Rapha\u00ebl Glucksmann. Often in 3rd or even 2nd place in opinion polls, his social media share of voice sits in 5th place. It&#8217;s the nature of social media that partly explains this discrepancy. Glucksmann is less polarising and less extreme in his statements than the far-right candidates, and less systematically opposed to the favourite, Jordan Bardella.<\/span><\/p>\n<p>&nbsp;<\/p>\n<p><b>Campaign topics<\/b><\/p>\n<p><img loading=\"lazy\" decoding=\"async\" loading=\"lazy\" class=\"wp-image-47901 alignnone\" src=\"https:\/\/onclusive.com\/wp-content\/uploads\/2024\/06\/Election-Year-Media-Trend-Analysis-7-e1717689526481.png\" alt=\"\" width=\"680\" height=\"426\" srcset=\"https:\/\/onclusive.com\/wp-content\/uploads\/2024\/06\/Election-Year-Media-Trend-Analysis-7-e1717689526481.png 902w, https:\/\/onclusive.com\/wp-content\/uploads\/2024\/06\/Election-Year-Media-Trend-Analysis-7-e1717689526481-300x188.png 300w, https:\/\/onclusive.com\/wp-content\/uploads\/2024\/06\/Election-Year-Media-Trend-Analysis-7-e1717689526481-768x481.png 768w, https:\/\/onclusive.com\/wp-content\/uploads\/2024\/06\/Election-Year-Media-Trend-Analysis-7-e1717689526481-640x401.png 640w\" sizes=\"auto, (max-width: 639px) 98vw, (max-width: 1199px) 64vw, 680px\" \/><\/p>\n<p><span style=\"font-weight: 400;\">The most discussed topics surrounding the candidates on social media differ from those most highlighted by traditional media. Firstly, immigration (over 209,000 mentions), followed by the Israel\/Hamas conflict, Frexit, the European Parliament, agriculture, and the ecological transition.\u00a0<\/span><\/p>\n<p>&nbsp;<\/p>\n<p><span style=\"font-weight: 400;\">But how are these topics broken down by candidate?\u00a0<\/span><\/p>\n<ul>\n<li style=\"font-weight: 400;\" aria-level=\"1\"><span style=\"font-weight: 400;\">Marion Mar\u00e9chal (far-right) stands out on the subject of immigration, with many speeches and comments on the subject.\u00a0<\/span><\/li>\n<li style=\"font-weight: 400;\" aria-level=\"1\"><span style=\"font-weight: 400;\">Manon Aubry (far left) dominates the Israel\/Hamas conflict topic.<\/span><\/li>\n<li style=\"font-weight: 400;\" aria-level=\"1\"><span style=\"font-weight: 400;\">Marie Toussaint (Greens) is logically more present on the subject of ecological transition.<\/span><\/li>\n<\/ul>\n<p>&nbsp;<\/p>\n<p><span style=\"font-weight: 400;\">The other candidates communicate more uniformly on a range of subjects (foreign affairs, agriculture\/climate, taxes, Ukraine, immigration, and Hamas), with no one theme particularly standing out on social media.<\/span><\/p>\n<p>&nbsp;<\/p>\n<h2><b>C. UK General Election (July 4)<\/b><\/h2>\n<p><span style=\"font-weight: 400;\">The elections were somewhat unexpected: Rishi Sunak sought to regain the upper hand by announcing early elections for July on 22 May. However, this element of surprise has so far failed to produce the desired effect. The first week of the election campaign has not altered the current trend. According to the polls, the Labour Party would get an average of 45% of the vote, while the Conservatives would get 23%, which could indicate a landslide victory for Labour.<\/span><\/p>\n<h3><b>1. In social media<\/b><\/h3>\n<p><span style=\"font-weight: 400;\">Our social listening tools show that Rishi Sunak&#8217;s Conservative Party received the most mentions, not far ahead of the Labour Party. The SNP came 3rd, ahead of Reform UK. The Top 6 in terms of share of voice, reflect the voting polls (Conservative, Labour, SNP, Reform UK, Liberal Democrats and the Green Party), but not in the same order. This is mainly due to social media criticism of the Conservative party, which is boosting its volume of mentions.<\/span><\/p>\n<p>&nbsp;<\/p>\n<p><span style=\"font-weight: 400;\">The Scottish National Party\u2019s (SNP) 3rd place highlights the tense discussions on social media about its campaign for Scottish independence from the UK.<\/span><\/p>\n<p><img loading=\"lazy\" decoding=\"async\" loading=\"lazy\" class=\"wp-image-47951 alignnone\" src=\"https:\/\/onclusive.com\/wp-content\/uploads\/2024\/06\/Screenshot-2024-06-06-120508.png\" alt=\"\" width=\"680\" height=\"399\" srcset=\"https:\/\/onclusive.com\/wp-content\/uploads\/2024\/06\/Screenshot-2024-06-06-120508.png 836w, https:\/\/onclusive.com\/wp-content\/uploads\/2024\/06\/Screenshot-2024-06-06-120508-300x176.png 300w, https:\/\/onclusive.com\/wp-content\/uploads\/2024\/06\/Screenshot-2024-06-06-120508-768x451.png 768w, https:\/\/onclusive.com\/wp-content\/uploads\/2024\/06\/Screenshot-2024-06-06-120508-640x376.png 640w\" sizes=\"auto, (max-width: 639px) 98vw, (max-width: 1199px) 64vw, 680px\" \/><\/p>\n<p><b>The most talked about topics<\/b><\/p>\n<ul>\n<li style=\"font-weight: 400;\" aria-level=\"1\"><span style=\"font-weight: 400;\">Compulsory National Service was the subject that generated the most reactions. There was a clear spike in mentions on May 26 when Rishi Sunak announced that he would reinstate National Service if he won the July general election. The spike has since subsided.\u00a0<\/span><\/li>\n<li style=\"font-weight: 400;\" aria-level=\"1\"><span style=\"font-weight: 400;\">In contrast, conversations about the Israel\/Hamas conflict, immigration, the NHS, and Brexit are regular and ongoing on social media in relation to the general election.\u00a0<\/span><\/li>\n<li style=\"font-weight: 400;\" aria-level=\"1\"><span style=\"font-weight: 400;\">Labour Party leader, Keir Starmer, stands out from Rishi Sunak on social media on 2 topics that generate a lot of volume: the cost of energy for British households and criticism of his position on the Israel\/Hamas conflict.<\/span><\/li>\n<\/ul>\n<p><img loading=\"lazy\" decoding=\"async\" loading=\"lazy\" class=\"wp-image-47880 alignnone\" src=\"https:\/\/onclusive.com\/wp-content\/uploads\/2024\/06\/Election-Year-Media-Trend-Analysis0-10.png\" alt=\"\" width=\"680\" height=\"426\" srcset=\"https:\/\/onclusive.com\/wp-content\/uploads\/2024\/06\/Election-Year-Media-Trend-Analysis0-10.png 940w, https:\/\/onclusive.com\/wp-content\/uploads\/2024\/06\/Election-Year-Media-Trend-Analysis0-10-300x188.png 300w, https:\/\/onclusive.com\/wp-content\/uploads\/2024\/06\/Election-Year-Media-Trend-Analysis0-10-768x480.png 768w, https:\/\/onclusive.com\/wp-content\/uploads\/2024\/06\/Election-Year-Media-Trend-Analysis0-10-640x400.png 640w\" sizes=\"auto, (max-width: 639px) 98vw, (max-width: 1199px) 64vw, 680px\" \/><\/p>\n<h3><b>2. In the media:<\/b><\/h3>\n<p>To find out more about political communications, media tactics, and the UK general election, tune into the <strong><a href=\"https:\/\/onclusive.com\/en-gb\/resources\/politicomms\/\">Politicomms podcast<\/a>:<\/strong> For communications professionals, by communications professionals.<\/p>\n<p>&nbsp;<\/p>\n<h2><b>D. US presidential elections (November 5)<\/b><\/h2>\n<p><span style=\"font-weight: 400;\">Since October 2023, we&#8217;ve been scrutinising the US election through the lens of traditional and social media. Let&#8217;s take a look at some of the lessons learned in the first quarter (Q1) of 2024:<\/span><\/p>\n<h3><b>1. In the media<\/b><\/h3>\n<p><span style=\"font-weight: 400;\">As the new year arrived, 2024 brought with it an increase in presidential campaign coverage. Super Tuesday, primaries, caucuses, and the State of the Union address drove coverage throughout Q1 of 2024.\u00a0<\/span><\/p>\n<p><span style=\"font-weight: 400;\">Our media measurement tools show that the candidate field narrowed considerably as Haley, DeSantis, Hutchinson, Ramaswamy, Christie, and Phillips dropped out of the race. Williamson\u2019s campaign suspension and subsequent unsuspension temporarily lifted her coverage volume.<\/span><\/p>\n<p><span style=\"font-weight: 400;\">Kennedy\u2019s volume also temporarily increased in March as speculation swirled about a potential VP running mate.<\/span><\/p>\n<p><img loading=\"lazy\" decoding=\"async\" loading=\"lazy\" class=\"wp-image-47873 alignnone\" src=\"https:\/\/onclusive.com\/wp-content\/uploads\/2024\/06\/Election-Year-Media-Trend-Analysis1-11-e1717689624489.png\" alt=\"\" width=\"680\" height=\"401\" srcset=\"https:\/\/onclusive.com\/wp-content\/uploads\/2024\/06\/Election-Year-Media-Trend-Analysis1-11-e1717689624489.png 916w, https:\/\/onclusive.com\/wp-content\/uploads\/2024\/06\/Election-Year-Media-Trend-Analysis1-11-e1717689624489-300x177.png 300w, https:\/\/onclusive.com\/wp-content\/uploads\/2024\/06\/Election-Year-Media-Trend-Analysis1-11-e1717689624489-768x453.png 768w, https:\/\/onclusive.com\/wp-content\/uploads\/2024\/06\/Election-Year-Media-Trend-Analysis1-11-e1717689624489-640x377.png 640w\" sizes=\"auto, (max-width: 639px) 98vw, (max-width: 1199px) 64vw, 680px\" \/><\/p>\n<h3><b>2. In social media<\/b><\/h3>\n<ul>\n<li style=\"font-weight: 400;\" aria-level=\"1\"><span style=\"font-weight: 400;\">During Q1, there were more than 3.36 million online mentions relating to \u2018US elections\u2019, \u2018Republicans\u2019 and \u2018Democrats\u2019. This is a <\/span><b>significant increase (+13%) <\/b><span style=\"font-weight: 400;\">compared to Q4 of 2023 (2.97 million mentions).<\/span><\/li>\n<li style=\"font-weight: 400;\" aria-level=\"1\"><span style=\"font-weight: 400;\">When all of the conversations about Republican, Democrat, Green, Libertarian, and Independent candidates are aggregated, the volume of conversations totals <\/span><b>10.1 million mentions<\/b><span style=\"font-weight: 400;\">, up 4.1% on Q4 2023.<\/span><\/li>\n<li style=\"font-weight: 400;\" aria-level=\"1\"><span style=\"font-weight: 400;\">As in Q4 2023, the Democrats received more mentions than the Republicans, mainly due to Joe Biden&#8217;s weight as President. Super Tuesday, the Supreme Court decisions, the State of the Union Address, and tensions at the Mexican border caused this increase in conversations.<\/span><\/li>\n<\/ul>\n<p>&nbsp;<\/p>\n<p><span style=\"font-weight: 400;\">Key topics driving these Q1 conversations about Democrats include:\u00a0<\/span><\/p>\n<ul>\n<li style=\"font-weight: 400;\" aria-level=\"1\"><span style=\"font-weight: 400;\">Border control and immigration<\/span><\/li>\n<li style=\"font-weight: 400;\" aria-level=\"1\"><span style=\"font-weight: 400;\">Israel\/Hamas conflict\u00a0<\/span><\/li>\n<li style=\"font-weight: 400;\" aria-level=\"1\"><span style=\"font-weight: 400;\">Healthcare<\/span><\/li>\n<li style=\"font-weight: 400;\" aria-level=\"1\"><span style=\"font-weight: 400;\">Economy\u00a0<\/span><\/li>\n<li style=\"font-weight: 400;\" aria-level=\"1\"><span style=\"font-weight: 400;\">Taxes<\/span><\/li>\n<\/ul>\n<p>&nbsp;<\/p>\n<p><span style=\"font-weight: 400;\">Topics surrounding the Republicans are largely the same, with some differences:\u00a0<\/span><\/p>\n<ul>\n<li style=\"font-weight: 400;\" aria-level=\"1\"><span style=\"font-weight: 400;\">Climate change<\/span> <span style=\"font-weight: 400;\">doesn\u2019t feature in the Top 10 discussions about the Republicans.<\/span><\/li>\n<li style=\"font-weight: 400;\" aria-level=\"1\"><span style=\"font-weight: 400;\">Criticism of aid to Ukraine is important.\u00a0<\/span><\/li>\n<li style=\"font-weight: 400;\" aria-level=\"1\"><span style=\"font-weight: 400;\">The topic of foreign affairs is represented mostly through criticism of its excessive importance for Biden in comparison to his focus on domestic policy.<\/span><\/li>\n<\/ul>\n<p>&nbsp;<\/p>\n<h3><b>3. Focus topic: The \u201cUncommitted\u201d &#8211; <\/b><b>Media impact score and social listening<\/b><\/h3>\n<p>&nbsp;<\/p>\n<p><b>The \u201cUncommitted\u201d Movement in the media<\/b><b><\/b><\/p>\n<p><span style=\"font-weight: 400;\">News coverage about uncommitted voters will likely ebb and flow over 2024 as the presidential election heats up. Coverage about these voters is currently most featured in moderate and left leaning publications. However, if Kennedy and Williamson continue in the presidential race, this may change as votes are drawn away from both parties.<\/span><\/p>\n<p><img loading=\"lazy\" decoding=\"async\" loading=\"lazy\" class=\"alignnone wp-image-47866 size-full\" src=\"https:\/\/onclusive.com\/wp-content\/uploads\/2024\/06\/Election-Year-Media-Trend-Analysis2-12-e1717689653139.png\" alt=\"\" width=\"608\" height=\"637\" srcset=\"https:\/\/onclusive.com\/wp-content\/uploads\/2024\/06\/Election-Year-Media-Trend-Analysis2-12-e1717689653139.png 608w, https:\/\/onclusive.com\/wp-content\/uploads\/2024\/06\/Election-Year-Media-Trend-Analysis2-12-e1717689653139-286x300.png 286w\" sizes=\"auto, (max-width: 639px) 98vw, (max-width: 1199px) 64vw, 608px\" \/><\/p>\n<p><span style=\"font-size: 12px;\"><b>Amplification<\/b><br \/>\n<span style=\"font-size: 12px;\">Social media shares of earned, owned, and newswire coverage from Facebook, Twitter, and Pinterest.<\/span><\/span><\/p>\n<p><span style=\"font-size: 12px;\"><b>Impact Score<\/b><br \/>\n<span style=\"font-size: 12px;\">The Impact Score is a qualitative article metric that combines the \u201cthree Rs\u201d (relevance, reputation, and repetition) and sentiment into a single measurement that allows quick benchmarking for both competitive and non-competitive scenarios alike.<\/span><\/span><\/p>\n<p>&nbsp;<\/p>\n<p><b>The &#8220;Uncommitted&#8221; Movement on social media<\/b><br \/>\nThe &#8220;Uncommitted\u201d movement has been gaining momentum on social media since mid-February. It started in Michigan &#8211; a key battleground state and home to one of the largest Arab American populations in the US.<\/p>\n<p>&nbsp;<\/p>\n<p><span style=\"font-weight: 400;\">The campaign is growing to vote &#8220;uncommitted&#8221; in the state&#8217;s Democratic Primary, in protest of Biden&#8217;s policies that back Israel. The peak of mentions were seen on polling day in Michigan, (February 27) followed by two peaks around Super Tuesday. But the call for an &#8220;uncommitted&#8221; vote from Democrat voters goes back to January, on X (Twitter) in particular. The messages were posted and relayed well beyond the Arab-Muslim community, with politicians, actors, and ordinary citizens all taking part in the campaign.<\/span><\/p>\n<p><img loading=\"lazy\" decoding=\"async\" loading=\"lazy\" class=\"wp-image-47852 alignnone\" src=\"https:\/\/onclusive.com\/wp-content\/uploads\/2024\/06\/Election-Year-Media-Trend-Analysis4-14-e1717689715316.png\" alt=\"\" width=\"680\" height=\"514\" srcset=\"https:\/\/onclusive.com\/wp-content\/uploads\/2024\/06\/Election-Year-Media-Trend-Analysis4-14-e1717689715316.png 913w, https:\/\/onclusive.com\/wp-content\/uploads\/2024\/06\/Election-Year-Media-Trend-Analysis4-14-e1717689715316-300x227.png 300w, https:\/\/onclusive.com\/wp-content\/uploads\/2024\/06\/Election-Year-Media-Trend-Analysis4-14-e1717689715316-768x580.png 768w, https:\/\/onclusive.com\/wp-content\/uploads\/2024\/06\/Election-Year-Media-Trend-Analysis4-14-e1717689715316-640x484.png 640w\" sizes=\"auto, (max-width: 639px) 98vw, (max-width: 1199px) 64vw, 680px\" \/><\/p>\n<p>To delve into more detail about mainstream and social media coverage of the US Election Campaign, download our <strong><a href=\"https:\/\/onclusive.com\/us-election-2024\/\">latest US Election report<\/a><\/strong>. It combines data from our media monitoring and measurement tools, social listening, and AP Planning platforms to give you an up-to-date analysis of the campaign so far.<\/p>\n<p><b>\u00a0<\/b><\/p>\n<p>&nbsp;<\/p>\n<h2><b>III. What you need to know about elections in the media and social media<\/b><\/h2>\n<p><span style=\"font-weight: 400;\">What do you learn from news monitoring, media measurement, and social listening?<\/span><\/p>\n<ul>\n<li style=\"font-weight: 400;\" aria-level=\"1\"><span style=\"font-weight: 400;\">The 4 elections analysed have one thing in common: they are largely impacted by <\/span><b>foreign policy and international affairs<\/b><span style=\"font-weight: 400;\">. Migrants, immigration, borders, conflicts, and international tensions are prominent campaign topics that influence candidates&#8217; proposals.\u00a0<\/span><\/li>\n<\/ul>\n<p>&nbsp;<\/p>\n<ul>\n<li style=\"font-weight: 400;\" aria-level=\"1\"><span style=\"font-weight: 400;\">As with other news topics, there are 2 types of election-related stories:\u00a0<\/span>\n<ul>\n<li style=\"font-weight: 400;\" aria-level=\"2\"><span style=\"font-weight: 400;\">Either they <\/span><b>are first reported in the traditional media<\/b><span style=\"font-weight: 400;\"> and then commented on and amplified in the social media. E.g. Trump&#8217;s concealed payment scandals.<\/span><\/li>\n<li style=\"font-weight: 400;\" aria-level=\"2\"><span style=\"font-weight: 400;\">Or <\/span><b>they originate on the web and social media <\/b><span style=\"font-weight: 400;\">and are then reported on in the media. For example: The \u2018Uncommitted\u2019 movement in the USA from January 2024.<\/span><\/li>\n<\/ul>\n<\/li>\n<\/ul>\n<p>&nbsp;<\/p>\n<ul>\n<li style=\"font-weight: 400;\" aria-level=\"1\"><b>Share of voice <\/b><span style=\"font-weight: 400;\">on social media does not necessarily correspond to voting intention trends in the opinion polls. Rather, it depends on a number of factors such as a party and its candidate&#8217;s investment in social media, their charisma, behavior, age of their potential voters, and their messaging (polemical, polarising, technocratic, popular, etc.). So, the number of followers a candidate has on social media is not as important as you might assume. Some candidates with fewer followers generate better engagement rates than their competitors due to the topics and content they choose to discuss and the activism of their social media communities.<\/span><\/li>\n<\/ul>\n<p>&nbsp;<\/p>\n<ul>\n<li style=\"font-weight: 400;\" aria-level=\"1\"><span style=\"font-weight: 400;\">On the other hand, social media provides valuable information about <\/span><b>voters&#8217; perceptions<\/b><span style=\"font-weight: 400;\"> of candidates and the issues that interest them most. These may differ significantly from the issues highlighted by the media. This is the case for Marion Mar\u00e9chal in France, for example, or the issue of immigration in the European elections, which received a greater share of voice on social media than in the media.<\/span><\/li>\n<\/ul>\n<p>&nbsp;<\/p>\n<ul>\n<li style=\"font-weight: 400;\" aria-level=\"1\"><span style=\"font-weight: 400;\">Shares of voice on social media often favour the<\/span><b> opposition candidate<\/b><span style=\"font-weight: 400;\"> over a candidate from or assimilated to the government in place. The extreme pattern is the case of Donald Trump who positions himself as a victim of the Biden Administration and boosts his visibility and his social media engagement via his communities of \u201cdefenders\u201d.<\/span><\/li>\n<\/ul>\n<p>&nbsp;<\/p>\n \n\t\t\t\t\t\t\t\t\t\t\t\t\t\t\t<\/div>\n\t\t\t\t\t\t\n\t\t\t\t\t\t\n\t\t\t\t\t\t\n\t\t\t\t\t<\/div>\n\t\t\t\t<\/div>\n\t\t\t<\/div>\n\n\t\t\n\t\t\t<div class=\"post_content--wrapper\">\n\t\t\t\t<div class=\"post_content--pullout_copy  \">\n\t\t\t\t\t<div class=\"post_content--pullout_copy-inner-wrapper\">\n\n\n\t\t\t\t\t\t\t\t\t\t\t\t\t<div class=\"post_content-copy-wrapper\">\n\t\t\t\t\t\t\t\t\t\t\t\t\t\t\t\t\t<blockquote class=\"pullout_copy\">\n\t\t\t\t\t\t\t\t\t\t\t\t\t\t\t  \t\t<p><span style=\"color: #ffffff;\">Learn more about our media monitoring tools and how they can provide critical insights for your strategies. <a style=\"color: #ffffff;\" href=\"https:\/\/onclusive.com\/en-gb\/talk-to-us\/\">Contact us for a demo.<\/a><\/span><\/p>\n \n\t\t\t\t\t\t\t\t\t\t\t\t\t\t\t\t\t<\/blockquote>\n\t\t\t\t\t\t\t\t\t\t\t\t\t\t\t<\/div>\n\t\t\t\t\t\t\n\t\t\t\t\t\t\n\t\t\t\t\t\t\n\t\t\t\t\t<\/div>\n\t\t\t\t<\/div>\n\t\t\t<\/div>\n\n\t\t\n<\/section> \n\n\n","protected":false},"excerpt":{"rendered":"","protected":false},"author":25,"featured_media":47828,"comment_status":"closed","ping_status":"open","sticky":false,"template":"","format":"standard","meta":{"_acf_changed":false,"content-type":"","inline_featured_image":false,"footnotes":""},"audience":[1166,380],"topic":[1426,518,1427],"region":[],"class_list":["post-47963","post","type-post","status-publish","format-standard","has-post-thumbnail","hentry","audience-government-public-sector-en-gb","audience-pr-agencies-2","topic-media-monitoring-en-gb","topic-social-listening-en-gb","topic-trending-en-gb"],"acf":[],"_links":{"self":[{"href":"https:\/\/onclusive.com\/en-gb\/wp-json\/wp\/v2\/posts\/47963","targetHints":{"allow":["GET"]}}],"collection":[{"href":"https:\/\/onclusive.com\/en-gb\/wp-json\/wp\/v2\/posts"}],"about":[{"href":"https:\/\/onclusive.com\/en-gb\/wp-json\/wp\/v2\/types\/post"}],"author":[{"embeddable":true,"href":"https:\/\/onclusive.com\/en-gb\/wp-json\/wp\/v2\/users\/25"}],"replies":[{"embeddable":true,"href":"https:\/\/onclusive.com\/en-gb\/wp-json\/wp\/v2\/comments?post=47963"}],"version-history":[{"count":1,"href":"https:\/\/onclusive.com\/en-gb\/wp-json\/wp\/v2\/posts\/47963\/revisions"}],"predecessor-version":[{"id":90584,"href":"https:\/\/onclusive.com\/en-gb\/wp-json\/wp\/v2\/posts\/47963\/revisions\/90584"}],"wp:featuredmedia":[{"embeddable":true,"href":"https:\/\/onclusive.com\/en-gb\/wp-json\/wp\/v2\/media\/47828"}],"wp:attachment":[{"href":"https:\/\/onclusive.com\/en-gb\/wp-json\/wp\/v2\/media?parent=47963"}],"wp:term":[{"taxonomy":"audience","embeddable":true,"href":"https:\/\/onclusive.com\/en-gb\/wp-json\/wp\/v2\/audience?post=47963"},{"taxonomy":"topic","embeddable":true,"href":"https:\/\/onclusive.com\/en-gb\/wp-json\/wp\/v2\/topic?post=47963"},{"taxonomy":"region","embeddable":true,"href":"https:\/\/onclusive.com\/en-gb\/wp-json\/wp\/v2\/region?post=47963"}],"curies":[{"name":"wp","href":"https:\/\/api.w.org\/{rel}","templated":true}]}}