{"id":29009,"date":"2023-06-21T08:22:35","date_gmt":"2023-06-21T08:22:35","guid":{"rendered":"https:\/\/newonclusivstg.wpengine.com\/?p=29009"},"modified":"2023-06-22T11:22:35","modified_gmt":"2023-06-22T11:22:35","slug":"los-ceos-mas-citados-en-espana-durante-el-primer-trimestre-de-2023","status":"publish","type":"post","link":"https:\/\/onclusive.com\/es\/resources\/blog\/los-ceos-mas-citados-en-espana-durante-el-primer-trimestre-de-2023\/","title":{"rendered":"Los CEOs m\u00e1s citados en Espa\u00f1a durante el primer trimestre de 2023"},"content":{"rendered":"\n<section\n    class=\"block-pcon\">\n\n      \n\t\t\t<div class=\"post_content--wrapper\">\n\t\t\t\t<div class=\"post_content--copy  \">\n\t\t\t\t\t<div class=\"post_content--copy-inner-wrapper\">\n\n\n\t\t\t\t\t\t\t\t\t\t\t\t\t<div class=\"post_content-copy-wrapper\">\n\t\t\t\t\t\t\t\t\t\t\t\t\t\t\t  \t\t<p><strong>Mar\u00eda Dolores Dancausa, CEO de Bankinter<\/strong>, ha sido reconocida como la segunda mujer directiva con mayor impacto medi\u00e1tico a nivel mundial seg\u00fan el<a href=\"https:\/\/onclusive.com\/es\/ceo-index\/\"> CEO Index de Onclusive<\/a>. Este \u00edndice mide la cobertura medi\u00e1tica de los CEO pertenecientes a los principales \u00edndices burs\u00e1tiles de ocho mercados y analiza el impacto medi\u00e1tico de los consejeros delegados durante el primer trimestre de 2023.<\/p>\n<p>En el an\u00e1lisis espec\u00edfico de Espa\u00f1a, Dancausa ocupa el segundo puesto en el ranking, solo superada por <strong>Josu Jon Imaz (Repsol)<\/strong>, gracias a la visibilidad obtenida por los resultados financieros de Bankinter. Adem\u00e1s, Dancausa es la \u00fanica mujer que aparece en el top 10 de la lista.<\/p>\n<p>El estudio de Onclusive tambi\u00e9n proporciona la puntuaci\u00f3n de impacto, que combina indicadores cuantitativos y cualitativos para valorar la calidad de los impactos. En nuestro pa\u00eds, <strong>Cesar Gonz\u00e1lez de Banco Sabadell<\/strong> obtiene la puntuaci\u00f3n m\u00e1s alta, seguido por Dancausa en segunda posici\u00f3n.<\/p>\n<p>El liderazgo y la regulaci\u00f3n son los temas con mayor impacto en la conversaci\u00f3n relacionada con el mundo directivo en Espa\u00f1a, seguidos de innovaci\u00f3n, sostenibilidad y rendimiento financiero. En cuanto a los sectores, banca, finanzas y seguros encabezan la lista, seguidos por energ\u00eda y construcci\u00f3n.<\/p>\n \n\t\t\t\t\t\t\t\t\t\t\t\t\t\t\t<\/div>\n\t\t\t\t\t\t\n\t\t\t\t\t\t\n\t\t\t\t\t\t\n\t\t\t\t\t<\/div>\n\t\t\t\t<\/div>\n\t\t\t<\/div>\n\n\t\t\n\t\t\t<div class=\"post_content--wrapper\">\n\t\t\t\t<div class=\"post_content--pullout_copy  \">\n\t\t\t\t\t<div class=\"post_content--pullout_copy-inner-wrapper\">\n\n\n\t\t\t\t\t\t\t\t\t\t\t\t\t<div class=\"post_content-copy-wrapper\">\n\t\t\t\t\t\t\t\t\t\t\t\t\t\t\t\t\t<blockquote class=\"pullout_copy\">\n\t\t\t\t\t\t\t\t\t\t\t\t\t\t\t  \t\t<p>La clasificaci\u00f3n completa de los CEOs espa\u00f1oles con mejor rendimiento medi\u00e1tico est\u00e1 disponible en nuestro <a href=\"https:\/\/onclusive.com\/es\/ceo-index\/\">CEO Index<\/a>, donde tambi\u00e9n podr\u00e1s descubrir los 50 mejores CEO a escala mundial.<\/p>\n \n\t\t\t\t\t\t\t\t\t\t\t\t\t\t\t\t\t<\/blockquote>\n\t\t\t\t\t\t\t\t\t\t\t\t\t\t\t<\/div>\n\t\t\t\t\t\t\n\t\t\t\t\t\t\n\t\t\t\t\t\t\n\t\t\t\t\t<\/div>\n\t\t\t\t<\/div>\n\t\t\t<\/div>\n\n\t\t\n\t\t\t<div class=\"post_content--wrapper\">\n\t\t\t\t<div class=\"post_content--copy  \">\n\t\t\t\t\t<div class=\"post_content--copy-inner-wrapper\">\n\n\n\t\t\t\t\t\t\t\t\t\t\t\t\t<div class=\"post_content-copy-wrapper\">\n\t\t\t\t\t\t\t\t\t\t\t\t\t\t\t  \t\t<p>Hoy en d\u00eda, el <a href=\"https:\/\/onclusive.com\/es\/que-hacemos\/insights-y-consultoria\/reputation-brand-insights\/\">seguimiento y an\u00e1lisis de la reputaci\u00f3n<\/a> de los CEOs se ha convertido en una actividad clave para los equipos de Comunicaci\u00f3n y Relaciones P\u00fablicas, lo que incluye saber c\u00f3mo los perciben las partes interesadas, comprender c\u00f3mo se posicionan los CEO frente a los competidores del mismo sector y estudiar qu\u00e9 temas atraen m\u00e1s la atenci\u00f3n de los medios. De todo ello pueden surgir los motores de la futura estrategia de comunicaci\u00f3n del CEO y de la marca.<\/p>\n \n\t\t\t\t\t\t\t\t\t\t\t\t\t\t\t<\/div>\n\t\t\t\t\t\t\n\t\t\t\t\t\t\n\t\t\t\t\t\t\n\t\t\t\t\t<\/div>\n\t\t\t\t<\/div>\n\t\t\t<\/div>\n\n\t\t\n<\/section> \n\n\n","protected":false},"excerpt":{"rendered":"","protected":false},"author":3,"featured_media":28030,"comment_status":"closed","ping_status":"open","sticky":false,"template":"","format":"standard","meta":{"_acf_changed":false,"content-type":"","inline_featured_image":false,"footnotes":""},"audience":[],"topic":[],"region":[],"class_list":["post-29009","post","type-post","status-publish","format-standard","has-post-thumbnail","hentry"],"acf":[],"_links":{"self":[{"href":"https:\/\/onclusive.com\/es\/wp-json\/wp\/v2\/posts\/29009","targetHints":{"allow":["GET"]}}],"collection":[{"href":"https:\/\/onclusive.com\/es\/wp-json\/wp\/v2\/posts"}],"about":[{"href":"https:\/\/onclusive.com\/es\/wp-json\/wp\/v2\/types\/post"}],"author":[{"embeddable":true,"href":"https:\/\/onclusive.com\/es\/wp-json\/wp\/v2\/users\/3"}],"replies":[{"embeddable":true,"href":"https:\/\/onclusive.com\/es\/wp-json\/wp\/v2\/comments?post=29009"}],"version-history":[{"count":0,"href":"https:\/\/onclusive.com\/es\/wp-json\/wp\/v2\/posts\/29009\/revisions"}],"wp:featuredmedia":[{"embeddable":true,"href":"https:\/\/onclusive.com\/es\/wp-json\/wp\/v2\/media\/28030"}],"wp:attachment":[{"href":"https:\/\/onclusive.com\/es\/wp-json\/wp\/v2\/media?parent=29009"}],"wp:term":[{"taxonomy":"audience","embeddable":true,"href":"https:\/\/onclusive.com\/es\/wp-json\/wp\/v2\/audience?post=29009"},{"taxonomy":"topic","embeddable":true,"href":"https:\/\/onclusive.com\/es\/wp-json\/wp\/v2\/topic?post=29009"},{"taxonomy":"region","embeddable":true,"href":"https:\/\/onclusive.com\/es\/wp-json\/wp\/v2\/region?post=29009"}],"curies":[{"name":"wp","href":"https:\/\/api.w.org\/{rel}","templated":true}]}}