{"id":36205,"date":"2023-09-12T14:34:49","date_gmt":"2023-09-12T14:34:49","guid":{"rendered":"https:\/\/newonclusivstg.wpengine.com\/?p=36205"},"modified":"2023-09-12T14:34:51","modified_gmt":"2023-09-12T14:34:51","slug":"la-vuelta-de-vacaciones-es-menos-dura-con-pr-manager","status":"publish","type":"post","link":"https:\/\/onclusive.com\/es\/resources\/blog\/la-vuelta-de-vacaciones-es-menos-dura-con-pr-manager\/","title":{"rendered":"La vuelta de vacaciones es menos dura con PR Manager"},"content":{"rendered":"\n<section\n    class=\"block-pcon\">\n\n      \n\t\t\t<div class=\"post_content--wrapper\">\n\t\t\t\t<div class=\"post_content--copy  \">\n\t\t\t\t\t<div class=\"post_content--copy-inner-wrapper\">\n\n\n\t\t\t\t\t\t\t\t\t\t\t\t\t<div class=\"post_content-copy-wrapper\">\n\t\t\t\t\t\t\t\t\t\t\t\t\t\t\t  \t\t<p>Todo lo bueno se acaba\u2026 las vacaciones, tambi\u00e9n. La vuelta a la rutina es uno de los momentos m\u00e1s complicados para los empleados, especialmente en sectores como la comunicaci\u00f3n en los que la actividad no se detiene.\u00a0 En mi caso, como dircom, tengo que delegar en mis compa\u00f1eros cuando no estoy presente y es fundamental que, cuando regreso, toda la informaci\u00f3n est\u00e9 disponible para m\u00ed.<\/p>\n<p>&nbsp;<\/p>\n<p>A\u00f1os atr\u00e1s, ten\u00eda que apa\u00f1arme con un documento a modo de resumen que, a\u00fan siendo \u00fatil, imped\u00eda que tuviese una visi\u00f3n panor\u00e1mica de todo lo sucedido en mi ausencia. Ahora, gracias a PR Manager, puedo estar completamente tranquila. Tras emplear las funciones de la herramienta m\u00e1s ejecutivas en el d\u00eda a d\u00eda (creaci\u00f3n de listas de contactos segmentadas, distribuci\u00f3n de notas de prensa, env\u00edo de newsletters\u2026) he descubierto las bondades de esta aplicaci\u00f3n para medir la actividad de mi departamento.<\/p>\n<p>&nbsp;<\/p>\n<p>Como es l\u00f3gico, mi equipo y yo report\u00e1bamos resultados pero, en muchas ocasiones, los datos no ten\u00edan el look &amp; feel que quer\u00edamos. Ahora, a la vuelta de vacaciones, he podido ver un an\u00e1lisis de todo lo sucedido en mi ausencia con gr\u00e1ficos y tablas que ilustran nuestro esfuerzo. \u00bfLo mejor? Que tampoco pierdo tiempo en realizar presentaciones para otros departamentos, ya que los gr\u00e1ficos que ofrece PR Manager son sencillos a la par que eficientes. Adem\u00e1s, el an\u00e1lisis no se limita a impactos medi\u00e1ticos, ya que tambi\u00e9n cubre redes sociales y hace m\u00e1s sencilla la labor de nuestro Social Media Manager, permitiendo que las acciones de comunicaci\u00f3n tradicional y digital funcionen de forma s\u00edncrona y sin\u00e9rgica.<\/p>\n<p>&nbsp;<\/p>\n<p>Pero quiz\u00e1 lo m\u00e1s importante es c\u00f3mo PR Manager me permite poner en valor el trabajo de mi equipo. En ocasiones, por la naturaleza de la comunicaci\u00f3n, puede suceder que algunos directivos no sean conscientes de la importancia de este departamento en la actividad de la empresa. PR Manager nos permite convertir los intangibles en cifras, dejando claro que, sin un buen departamento de comunicaci\u00f3n, cualquier empresa actual perder\u00e1 valor para sus stakeholders.<\/p>\n<p>&nbsp;<\/p>\n<p>A nivel personal, ahora asumo mi vuelta a la rutina de forma mucho m\u00e1s tranquila siendo plenamente consciente de que mi equipo cuenta con los conocimientos y las herramientas necesarias para ver todo de un vistazo en cuanto encienda mi ordenador. Y es que poder delegar cuando es necesario y desconectar no tiene precio.<\/p>\n<p>&nbsp;<\/p>\n \n\t\t\t\t\t\t\t\t\t\t\t\t\t\t\t<\/div>\n\t\t\t\t\t\t\n\t\t\t\t\t\t\n\t\t\t\t\t\t\n\t\t\t\t\t<\/div>\n\t\t\t\t<\/div>\n\t\t\t<\/div>\n\n\t\t\n<\/section> \n\n\n\n\n\n<section\n    class=\"block-pcon\">\n\n      \n\t\t\t<div class=\"post_content--wrapper\">\n\t\t\t\t<div class=\"post_content--pullout_copy  \">\n\t\t\t\t\t<div class=\"post_content--pullout_copy-inner-wrapper\">\n\n\n\t\t\t\t\t\t\t\t\t\t\t\t\t<div class=\"post_content-copy-wrapper\">\n\t\t\t\t\t\t\t\t\t\t\t\t\t\t\t\t\t<blockquote class=\"pullout_copy\">\n\t\t\t\t\t\t\t\t\t\t\t\t\t\t\t  \t\t<p>Descubre m\u00e1s sobre PR Manager\u00a0<a href=\"https:\/\/onclusive.com\/es\/que-hacemos\/herramientas-de-comunicacion-y-rr-pp\/media-contacts-database-outreach\/\">aqu\u00ed.<\/a><\/p>\n \n\t\t\t\t\t\t\t\t\t\t\t\t\t\t\t\t\t<\/blockquote>\n\t\t\t\t\t\t\t\t\t\t\t\t\t\t\t<\/div>\n\t\t\t\t\t\t\n\t\t\t\t\t\t\n\t\t\t\t\t\t\n\t\t\t\t\t<\/div>\n\t\t\t\t<\/div>\n\t\t\t<\/div>\n\n\t\t\n<\/section> \n\n\n","protected":false},"excerpt":{"rendered":"","protected":false},"author":3,"featured_media":36208,"comment_status":"closed","ping_status":"open","sticky":false,"template":"","format":"standard","meta":{"_acf_changed":false,"content-type":"","inline_featured_image":false,"footnotes":""},"audience":[],"topic":[],"region":[],"class_list":["post-36205","post","type-post","status-publish","format-standard","has-post-thumbnail","hentry"],"acf":[],"_links":{"self":[{"href":"https:\/\/onclusive.com\/es\/wp-json\/wp\/v2\/posts\/36205","targetHints":{"allow":["GET"]}}],"collection":[{"href":"https:\/\/onclusive.com\/es\/wp-json\/wp\/v2\/posts"}],"about":[{"href":"https:\/\/onclusive.com\/es\/wp-json\/wp\/v2\/types\/post"}],"author":[{"embeddable":true,"href":"https:\/\/onclusive.com\/es\/wp-json\/wp\/v2\/users\/3"}],"replies":[{"embeddable":true,"href":"https:\/\/onclusive.com\/es\/wp-json\/wp\/v2\/comments?post=36205"}],"version-history":[{"count":0,"href":"https:\/\/onclusive.com\/es\/wp-json\/wp\/v2\/posts\/36205\/revisions"}],"wp:featuredmedia":[{"embeddable":true,"href":"https:\/\/onclusive.com\/es\/wp-json\/wp\/v2\/media\/36208"}],"wp:attachment":[{"href":"https:\/\/onclusive.com\/es\/wp-json\/wp\/v2\/media?parent=36205"}],"wp:term":[{"taxonomy":"audience","embeddable":true,"href":"https:\/\/onclusive.com\/es\/wp-json\/wp\/v2\/audience?post=36205"},{"taxonomy":"topic","embeddable":true,"href":"https:\/\/onclusive.com\/es\/wp-json\/wp\/v2\/topic?post=36205"},{"taxonomy":"region","embeddable":true,"href":"https:\/\/onclusive.com\/es\/wp-json\/wp\/v2\/region?post=36205"}],"curies":[{"name":"wp","href":"https:\/\/api.w.org\/{rel}","templated":true}]}}