{"id":10983,"date":"2022-01-10T14:40:00","date_gmt":"2022-01-10T14:40:00","guid":{"rendered":"https:\/\/newonclusivstg.wpengine.com\/?p=10983"},"modified":"2026-04-29T17:13:50","modified_gmt":"2026-04-29T17:13:50","slug":"sujets-les-plus-mediatises-en-2021","status":"publish","type":"post","link":"https:\/\/onclusive.com\/fr\/resources\/blog\/sujets-les-plus-mediatises-en-2021\/","title":{"rendered":"Les sujets les plus m\u00e9diatis\u00e9s en 2021"},"content":{"rendered":"\n<section\n    class=\"block-pcon\">\n\n      \n\t\t\t<div class=\"post_content--wrapper\">\n\t\t\t\t<div class=\"post_content--copy  \">\n\t\t\t\t\t<div class=\"post_content--copy-inner-wrapper\">\n\n\n\t\t\t\t\t\t\t\t\t\t\t\t\t<div class=\"post_content-copy-wrapper\">\n\t\t\t\t\t\t\t\t\t\t\t\t\t\t\t  \t\t<p><strong>En 2021, 75% des sujets \u00e0 la Une des m\u00e9dias en France concernaient toujours la crise sanitaire, selon le barom\u00e8tre UBM d\u2019Onclusive. Si l\u2019ann\u00e9e 2021 se situe, en termes de saturation de l\u2019espace m\u00e9diatique par la crise sanitaire, dans la continuit\u00e9 de 2020, l\u2019intensit\u00e9 du bruit m\u00e9diatique a d\u00e9clin\u00e9. M\u00e9diatiquement, les deux ann\u00e9es sont diff\u00e9rentes.\u00a0\u00a0\u00a0\u00a0<\/strong><\/p>\n<p>&nbsp;<\/p>\n<p><span data-contrast=\"none\">En 2020, la crise sanitaire avait totalement fa\u00e7onn\u00e9 l\u2019ann\u00e9e m\u00e9diatique, plus de 80% de l\u2019actualit\u00e9 ayant \u00e9tait occup\u00e9e par la crise sanitaire. Cette ann\u00e9e-l\u00e0, le bruit m\u00e9diatique de la crise sanitaire avait atteint une intensit\u00e9 sans pr\u00e9c\u00e9dent.\u00a0 Sur la p\u00e9riode mars-avril, la Covid-19 avait g\u00e9n\u00e9r\u00e9, pendant 40 jours, plus de 5 000 UBM\/jour, soit potentiellement 50 messages par fran\u00e7ais et par jour, avec un pic de 74 messages lors de l\u2019intervention t\u00e9l\u00e9vis\u00e9e du Premier ministre de l\u2019\u00e9poque, Edouard Philippe, en avril.<\/span><span data-ccp-props=\"{&quot;201341983&quot;:0,&quot;335559738&quot;:120,&quot;335559739&quot;:120,&quot;335559740&quot;:240}\">\u00a0<\/span><\/p>\n<p><span data-contrast=\"none\">En 2021, la moyenne n\u2019\u00e9tait plus que de 2 000 UBM\/jour environ, selon Onclusive, soit 20 messages par fran\u00e7ais et par jour, entre janvier et d\u00e9but avril, avec un pic de 3 300 UBM le 1er avril en r\u00e9action aux nouvelles mesures gouvernementales. <a href=\"https:\/\/onclusive.com\/wp-content\/uploads\/2022\/03\/Onclusive-Actualites-en-2021.png\" target=\"_blank\" rel=\"noopener\"><strong>Voir un aper\u00e7u de l&rsquo;analyse<\/strong><\/a>.<\/span><\/p>\n<p><span data-contrast=\"none\">Outre l\u2019investiture du pr\u00e9sident am\u00e9ricain Joe Biden en d\u00e9but d\u2019ann\u00e9e, 2021 a vu \u00e9merger des s\u00e9quences m\u00e9diatiques domin\u00e9es par d\u2019autres actualit\u00e9s. D\u00e8s le mois de juin, le rythme des \u00e9v\u00e9nements hors-Covid 19 faisant la Une de l\u2019actualit\u00e9 s\u2019est acc\u00e9l\u00e9r\u00e9. Les \u00e9lections r\u00e9gionales et d\u00e9partementales en France, les JO de Tokyo, la prise de pouvoir par les Talibans en Afghanistan, la Cop 26 et le proc\u00e8s des attentats du 13 novembre 2015 ont tous fait la Une, ainsi que le d\u00e9marrage de la campagne pr\u00e9sidentielle en France. Le bruit m\u00e9diatique de la campagne pr\u00e9sidentielle s\u2019est cependant vu brusquement stopp\u00e9 en d\u00e9cembre par la 5\u00e8me vague.\u00a0\u00a0<\/span><span data-ccp-props=\"{&quot;201341983&quot;:0,&quot;335559738&quot;:120,&quot;335559739&quot;:120,&quot;335559740&quot;:240}\">\u00a0<\/span><\/p>\n<p><span data-contrast=\"none\">Si certains th\u00e8mes \u2013 comme le pouvoir d\u2019achat, l\u2019\u00e9ducation, la s\u00e9curit\u00e9, l\u2019emploi et l\u2019immigration \u2013 se sont d\u00e9tach\u00e9s, par l\u2019importance de leur bruit m\u00e9diatique, au sein de la campagne, la crise sanitaire a de nouveau nettement domin\u00e9 l\u2019actualit\u00e9 en d\u00e9cembre. Cette dynamique augure d\u2019une ann\u00e9e 2022 encore marqu\u00e9e par une place importante de la pand\u00e9mie dans les m\u00e9dias. Reste \u00e0 voir si ce traitement m\u00e9diatique accentuera la demande d\u2019information sur d\u2019autres sujets, tels que le changement climatique, dans les mois \u00e0 venir.<\/span><span data-ccp-props=\"{&quot;201341983&quot;:0,&quot;335559738&quot;:120,&quot;335559739&quot;:120,&quot;335559740&quot;:240}\">\u00a0<\/span><\/p>\n<p>&nbsp;<\/p>\n \n\t\t\t\t\t\t\t\t\t\t\t\t\t\t\t<\/div>\n\t\t\t\t\t\t\n\t\t\t\t\t\t\n\t\t\t\t\t\t\n\t\t\t\t\t<\/div>\n\t\t\t\t<\/div>\n\t\t\t<\/div>\n\n\t\t\n\t\t\t<div class=\"post_content--wrapper\">\n\t\t\t\t<div class=\"post_content--pullout_copy  \">\n\t\t\t\t\t<div class=\"post_content--pullout_copy-inner-wrapper\">\n\n\n\t\t\t\t\t\t\t\t\t\t\t\t\t<div class=\"post_content-copy-wrapper\">\n\t\t\t\t\t\t\t\t\t\t\t\t\t\t\t\t\t<blockquote class=\"pullout_copy\">\n\t\t\t\t\t\t\t\t\t\t\t\t\t\t\t  \t\t<p><strong>L\u2019UBM, UN INDICATEUR UNIQUE<\/strong><\/p>\n<p>R\u00e9f\u00e9rent depuis 2000, le barom\u00e8tre UBM (pour Unit\u00e9 de Bruit Media) d\u2019Onclusive mesure l\u2019impact m\u00e9diatique des th\u00e8mes d\u2019actualit\u00e9, des entreprises et des personnalit\u00e9s sur un panel de 120 sources. Il dispose d\u2019un corpus repr\u00e9sentatif des m\u00e9dias leaders en audience grand public en France, prenant en compte les supports les plus puissants de la presse papier et online et les tranches horaires TV Radio qui g\u00e9n\u00e8rent le plus de contacts. Il permet de mesurer l\u2019intensit\u00e9 de la pression m\u00e9diatique et de suivre ses \u00e9volutions au plus pr\u00e8s du temps r\u00e9el.<\/p>\n \n\t\t\t\t\t\t\t\t\t\t\t\t\t\t\t\t\t<\/blockquote>\n\t\t\t\t\t\t\t\t\t\t\t\t\t\t\t<\/div>\n\t\t\t\t\t\t\n\t\t\t\t\t\t\n\t\t\t\t\t\t\n\t\t\t\t\t<\/div>\n\t\t\t\t<\/div>\n\t\t\t<\/div>\n\n\t\t\n<\/section> \n\n\n","protected":false},"excerpt":{"rendered":"","protected":false},"author":8,"featured_media":11186,"comment_status":"closed","ping_status":"open","sticky":false,"template":"","format":"standard","meta":{"_acf_changed":false,"content-type":"","inline_featured_image":false,"footnotes":""},"audience":[433,432,431],"topic":[544],"region":[],"class_list":["post-10983","post","type-post","status-publish","format-standard","has-post-thumbnail","hentry","audience-agences-de-communication-et-rp","audience-institutions-publiques","audience-marques","topic-brand-reputation"],"acf":[],"_links":{"self":[{"href":"https:\/\/onclusive.com\/fr\/wp-json\/wp\/v2\/posts\/10983","targetHints":{"allow":["GET"]}}],"collection":[{"href":"https:\/\/onclusive.com\/fr\/wp-json\/wp\/v2\/posts"}],"about":[{"href":"https:\/\/onclusive.com\/fr\/wp-json\/wp\/v2\/types\/post"}],"author":[{"embeddable":true,"href":"https:\/\/onclusive.com\/fr\/wp-json\/wp\/v2\/users\/8"}],"replies":[{"embeddable":true,"href":"https:\/\/onclusive.com\/fr\/wp-json\/wp\/v2\/comments?post=10983"}],"version-history":[{"count":1,"href":"https:\/\/onclusive.com\/fr\/wp-json\/wp\/v2\/posts\/10983\/revisions"}],"predecessor-version":[{"id":90896,"href":"https:\/\/onclusive.com\/fr\/wp-json\/wp\/v2\/posts\/10983\/revisions\/90896"}],"wp:featuredmedia":[{"embeddable":true,"href":"https:\/\/onclusive.com\/fr\/wp-json\/wp\/v2\/media\/11186"}],"wp:attachment":[{"href":"https:\/\/onclusive.com\/fr\/wp-json\/wp\/v2\/media?parent=10983"}],"wp:term":[{"taxonomy":"audience","embeddable":true,"href":"https:\/\/onclusive.com\/fr\/wp-json\/wp\/v2\/audience?post=10983"},{"taxonomy":"topic","embeddable":true,"href":"https:\/\/onclusive.com\/fr\/wp-json\/wp\/v2\/topic?post=10983"},{"taxonomy":"region","embeddable":true,"href":"https:\/\/onclusive.com\/fr\/wp-json\/wp\/v2\/region?post=10983"}],"curies":[{"name":"wp","href":"https:\/\/api.w.org\/{rel}","templated":true}]}}