{"id":61885,"date":"2025-04-02T10:53:18","date_gmt":"2025-04-02T10:53:18","guid":{"rendered":"https:\/\/newonclusivstg.wpengine.com\/?p=61885"},"modified":"2026-05-26T15:43:49","modified_gmt":"2026-05-26T15:43:49","slug":"ladministration-trump-impose-une-politique-anti-diversite-aux-entreprises-francaises-quel-impact-media-et-social-media","status":"publish","type":"post","link":"https:\/\/onclusive.com\/fr\/resources\/blog\/ladministration-trump-impose-une-politique-anti-diversite-aux-entreprises-francaises-quel-impact-media-et-social-media\/","title":{"rendered":"L&rsquo;administration Trump impose une politique anti-diversit\u00e9 aux entreprises fran\u00e7aises. Quel impact Media et Social Media ?"},"content":{"rendered":"\n<section\n    class=\"block-pcon\">\n\n      \n\t\t\t<div class=\"post_content--wrapper\">\n\t\t\t\t<div class=\"post_content--copy_with_image  \">\n\t\t\t\t\t<div class=\"post_content--copy_with_image-inner-wrapper\">\n\n\n\t\t\t\t\t\t\t\t\t\t\t\t\t<div class=\"post_content-copy-wrapper\">\n\t\t\t\t\t\t\t\t\t\t\t\t\t\t\t  \t\t<p><span style=\"font-weight: 400;\">Le retrait des politiques de DEI (Diversit\u00e9, \u00c9quit\u00e9 et Inclusion) par l&rsquo;administration Trump a amen\u00e9 de nombreuses entreprises am\u00e9ricaines \u00e0 diminuer leurs engagements en mati\u00e8re de DEI et \u00e0 modifier leurs strat\u00e9gies de communication correspondantes. Cette \u00e9volution a des r\u00e9percussions mondiales, les multinationales adaptant leurs approches pour s&rsquo;aligner tant sur les politiques am\u00e9ricaines que sur l&rsquo;int\u00e9r\u00eat croissant pour la DEI dans d&rsquo;autres r\u00e9gions comme l&rsquo;Europe et l&rsquo;Asie, o\u00f9 ces initiatives demeurent prioritaires.<\/span><\/p>\n<p><span style=\"font-weight: 400;\">Notre r\u00e9cent rapport <\/span><a href=\"https:\/\/onclusive.com\/fr\/ressources\/livres-blancs\/brand-influence-index-2025\/\" target=\"_blank\" rel=\"noopener\"><b>Brand Influence Rank<\/b><\/a><span style=\"font-weight: 400;\"> analyse comment 50 des marques mondiales les plus influentes r\u00e9ajustent leurs initiatives de politique de diversit\u00e9 et inclusion,et pr\u00e9cis\u00e9ment comment les m\u00e9dias influencent la perception de ces initiatives.\u00a0<\/span><\/p>\n<p><span style=\"font-weight: 400;\">Les politiques de DEI des entreprises fran\u00e7aise <\/span><span style=\"font-weight: 400;\">sont un sujet d\u2019actualit\u00e9 br\u00fblant du fait des d\u00e9cisions de\u00a0 l\u2019administration Trump: Les m\u00e9dias fran\u00e7ais (Les Echos) r\u00e9v\u00e8lent qu\u2019une lettre a \u00e9t\u00e9 envoy\u00e9e par l&rsquo;ambassade des \u00c9tats-Unis \u00e0 Paris \u00e0 plusieurs dizaines d&rsquo;entreprises fran\u00e7aises, leur demandant d&rsquo;abandonner leurs politiques de diversit\u00e9, \u00e9quit\u00e9 et inclusion (DEI) pour maintenir l&rsquo;acc\u00e8s aux appels d&rsquo;offres du gouvernement f\u00e9d\u00e9ral am\u00e9ricain. Cette exigence, li\u00e9e \u00e0 une politique anti-DEI de l&rsquo;administration Trump, a suscit\u00e9 une couverture m\u00e9diatique importante et des d\u00e9bats anim\u00e9s sur les r\u00e9seaux sociaux, refl\u00e9tant des tensions diplomatiques et id\u00e9ologiques.<\/span><\/p>\n<p><span style=\"font-weight: 400;\">Plusieurs entreprises fran\u00e7aises ont re\u00e7u une lettre de l&rsquo;ambassade des \u00c9tats-Unis, leur demandant d&rsquo;abandonner leurs politiques de diversit\u00e9, \u00e9quit\u00e9 et inclusion (DEI), sous peine de perdre l&rsquo;acc\u00e8s aux contrats f\u00e9d\u00e9raux.<\/span><\/p>\n<p><span style=\"font-weight: 400;\">La couverture m\u00e9diatique fran\u00e7aise, notamment<\/span><a href=\"https:\/\/www.lemonde.fr\/economie\/article\/2025\/03\/29\/stupeur-dans-les-entreprises-francaises-apres-une-lettre-anti-diversite-de-l-ambassade-americaine-a-paris_6587443_3234.html\" target=\"_blank\" rel=\"noopener\"> <span style=\"font-weight: 400;\">Le Monde<\/span><\/a><span style=\"font-weight: 400;\"> et<\/span> <span style=\"font-weight: 400;\">Le Figaro<\/span><span style=\"font-weight: 400;\">, confirme l&rsquo;incident, le liant \u00e0 une politique anti-DEI de l&rsquo;administration Trump.<\/span><\/p>\n<p><span style=\"font-weight: 400;\">Les r\u00e9actions sur les r\u00e9seaux sociaux montrent une indignation g\u00e9n\u00e9ralis\u00e9e, avec des utilisateurs critiquant cette ing\u00e9rence comme un \u00ab\u00a0chantage extraterritorial\u00a0\u00bb.<\/span><\/p>\n<p>&nbsp;<\/p>\n<h2><span style=\"font-weight: 400;\">Contexte et couverture m\u00e9diatique<\/span><\/h2>\n<p><span style=\"font-weight: 400;\">Le 28 mars 2025, l&rsquo;ambassade des \u00c9tats-Unis \u00e0 Paris a envoy\u00e9 une lettre \u00e0 plusieurs dizaines d&rsquo;entreprises fran\u00e7aises, leur demandant de certifier, dans un d\u00e9lai de 5 jours, qu&rsquo;elles ne mettaient pas en \u0153uvre de tels programmes, sous peine de perdre leurs contrats, conform\u00e9ment \u00e0 un d\u00e9cret sign\u00e9 par Donald Trump le 21 janvier 2025.<\/span><\/p>\n<p>&nbsp;<\/p>\n<p><span style=\"font-weight: 400;\">Selon<\/span><a href=\"https:\/\/www.lemonde.fr\/economie\/article\/2025\/03\/29\/stupeur-dans-les-entreprises-francaises-apres-une-lettre-anti-diversite-de-l-ambassade-americaine-a-paris_6587443_3234.html\" target=\"_blank\" rel=\"noopener\"> <span style=\"font-weight: 400;\">Le Monde<\/span><\/a><span style=\"font-weight: 400;\">, cette mesure s&rsquo;applique \u00e0 tous les fournisseurs du gouvernement am\u00e9ricain, peu importe leur localisation ou nationalit\u00e9, affectant m\u00eame des entreprises fran\u00e7aises sans op\u00e9rations aux \u00c9tats-Unis, ce qui constitue un \u00e9largissement inattendu de l&rsquo;impact. Des entreprises comme Saint-Gobain, Axa et Kering, n&rsquo;ayant pas de contrats f\u00e9d\u00e9raux, n&rsquo;ont pas \u00e9t\u00e9 concern\u00e9es, mais d&rsquo;autres, comme des cabinets d&rsquo;avocats, l&rsquo;ont \u00e9t\u00e9, selon<\/span><a href=\"https:\/\/www.lepoint.fr\/economie\/discrimination-positive-des-entreprises-francaises-recoivent-une-lettre-de-mise-en-garde-de-l-ambassade-americaine-28-03-2025-2585958_28.php\" target=\"_blank\" rel=\"noopener\"> <span style=\"font-weight: 400;\">Le Point<\/span><\/a><span style=\"font-weight: 400;\">.<\/span><\/p>\n<p><span style=\"font-weight: 400;\">La couverture m\u00e9diatique, d\u00e9butant le 28 mars 2025 avec la r\u00e9v\u00e9lation par Les Echos, a \u00e9t\u00e9 rapide et extensive, avec des articles dans<\/span> <span style=\"font-weight: 400;\">Le Figaro<\/span><span style=\"font-weight: 400;\">,<\/span> <span style=\"font-weight: 400;\">France TV Info<\/span><span style=\"font-weight: 400;\">, et<\/span><a href=\"https:\/\/www.tf1info.fr\/economie\/lettre-de-l-ambassade-des-etats-unis-aux-entreprises-francaises-inadmissible-reagit-le-patron-du-medef-sur-lci-2362255.html\" target=\"_blank\" rel=\"noopener\"> <span style=\"font-weight: 400;\">TF1 Info<\/span><\/a><span style=\"font-weight: 400;\">. Ces reportages confirment l&rsquo;envoi de la lettre et d\u00e9taillent les r\u00e9actions, notamment la d\u00e9nonciation par le minist\u00e8re du Commerce ext\u00e9rieur comme une \u00ab\u00a0ing\u00e9rence inacceptable\u00a0\u00bb, et par Patrick Martin, pr\u00e9sident du Medef, comme un geste \u00ab\u00a0inadmissible\u00a0\u00bb traduisant une d\u00e9rive du pr\u00e9sident am\u00e9ricain, selon<\/span><a href=\"https:\/\/www.20minutes.fr\/monde\/4146029-20250329-lettre-ambassade-etats-unis-entreprises-francaises-france-denonce-ingerences-inacceptables\" target=\"_blank\" rel=\"noopener\"> <span style=\"font-weight: 400;\">20 Minutes<\/span><\/a><span style=\"font-weight: 400;\">. Les m\u00e9dias soulignent \u00e9galement que certaines entreprises ont choisi de ne pas signer la certification, face \u00e0 des accusations d&rsquo;extraterritorialit\u00e9.<\/span><\/p>\n<p><img fetchpriority=\"high\" decoding=\"async\" fetchpriority=\"high\" class=\"aligncenter wp-image-61893\" src=\"https:\/\/onclusive.com\/wp-content\/uploads\/2025\/04\/DEI-France-lettre-ambassade.png\" alt=\"DEI-France-lettre-ambassade\" width=\"600\" height=\"451\" srcset=\"https:\/\/onclusive.com\/wp-content\/uploads\/2025\/04\/DEI-France-lettre-ambassade.png 756w, https:\/\/onclusive.com\/wp-content\/uploads\/2025\/04\/DEI-France-lettre-ambassade-300x225.png 300w, https:\/\/onclusive.com\/wp-content\/uploads\/2025\/04\/DEI-France-lettre-ambassade-640x481.png 640w\" sizes=\"(max-width: 639px) 98vw, (max-width: 1199px) 64vw, 600px\" \/><\/p>\n<p>&nbsp;<\/p>\n<p><b>Reuters<\/b><span style=\"font-weight: 400;\"> et <\/span><b>Les \u00c9chos<\/b><span style=\"font-weight: 400;\"> insistent sur l\u2019extraterritorialit\u00e9 de cette mesure, qui marque une nouvelle phase dans la \u00ab guerre contre le woke \u00bb men\u00e9e par l\u2019administration Trump<\/span><\/p>\n<p>&nbsp;<\/p>\n<p><span style=\"font-weight: 400;\">Des m\u00e9dias tels que <\/span><b>Le Monde<\/b><span style=\"font-weight: 400;\">, <\/span><b>BFMTV<\/b><span style=\"font-weight: 400;\"> et <\/span><b>Le Figaro<\/b><span style=\"font-weight: 400;\"> soulignent la stupeur qu\u2019a provoqu\u00e9e cette d\u00e9marche dans les milieux \u00e9conomiques et politiques fran\u00e7ais, insistant sur l\u2019ing\u00e9rence jug\u00e9e inacceptable dans les politiques d\u2019inclusion nationales<\/span><\/p>\n<p><span style=\"font-weight: 400;\">Plusieurs articles rappellent que ce courrier intervient dans un contexte de tensions commerciales exacerb\u00e9es, avec des menaces de droits de douane injustifi\u00e9s et des mesures r\u00e9ciproques envisag\u00e9es par l\u2019Union europ\u00e9enne.\u00a0<\/span><\/p>\n<p>&nbsp;<\/p>\n<p><b>Actu.fr<\/b><span style=\"font-weight: 400;\"> et <\/span><b>MSN<\/b><span style=\"font-weight: 400;\"> insistent sur le fait que le courrier intervient alors que la France ne pratique pas \u2013 ou interdit certaines formes de \u2013 discrimination positive, ce qui am\u00e8ne \u00e0 constater une mise en avant des divergences culturelles et r\u00e9glementaires entre les deux pays 2.<\/span><\/p>\n<p><b>Valeurs Actuelles<\/b><span style=\"font-weight: 400;\"> et <\/span><b>Le Point<\/b><span style=\"font-weight: 400;\"> mettent en exergue le ton pol\u00e9mique de cette initiative am\u00e9ricaine, la qualifiant de tentative de \u00ab soft power \u00bb visant \u00e0 imposer aux entreprises fran\u00e7aises une vision du monde qui ne correspond pas aux valeurs fran\u00e7aises en mati\u00e8re d\u2019inclusion et de respect de la souverainet\u00e9 \u00e9conomiqu<\/span><\/p>\n<p>&nbsp;<\/p>\n<h2><span style=\"font-weight: 400;\">R\u00e9actions officielles<\/span><\/h2>\n<p><span style=\"font-weight: 400;\">Le ministre fran\u00e7ais de l&rsquo;\u00c9conomie, \u00c9ric Lombard, et le pr\u00e9sident du Medef, Patrick Martin, ont d\u00e9nonc\u00e9 cette d\u00e9marche comme une \u00ab\u00a0ing\u00e9rence inacceptable\u00a0\u00bb, refl\u00e9tant des valeurs am\u00e9ricaines non partag\u00e9es en France.\u00a0 Le minist\u00e8re du Commerce ext\u00e9rieur a lui d\u00e9nonc\u00e9 ces \u00ab ing\u00e9rences am\u00e9ricaines \u00bb et affirm\u00e9 que \u00ab la France et l\u2019Europe d\u00e9fendront leurs entreprises, leurs consommateurs, mais aussi leurs valeurs \u00bb.\u00a0<\/span><\/p>\n<p><span style=\"font-weight: 400;\">La CPME a d\u00e9nonc\u00e9 une atteinte \u00e0 la souverainet\u00e9 fran\u00e7aise, tandis que la CGT a appel\u00e9 les entreprises \u00e0 ne pas c\u00e9der \u00e0 ces pressions.<\/span><\/p>\n<p>&nbsp;<\/p>\n<h2><span style=\"font-weight: 400;\">Sur les m\u00e9dias sociaux<\/span><\/h2>\n<p><span style=\"font-weight: 400;\">Sur les r\u00e9seaux sociaux, les r\u00e9actions, observ\u00e9es entre le 28 et le 31 mars 2025, montrent une indignation g\u00e9n\u00e9ralis\u00e9e. Des utilisateurs ont exprim\u00e9 leur col\u00e8re, qualifiant l&rsquo;action de \u00ab\u00a0chantage extraterritorial\u00a0\u00bb, tandis que\u00a0 d\u2019autres s&rsquo;interrogent sur le manque de discussion autour de cette \u00ab\u00a0exigence outrageante\u00a0\u00bb. D&rsquo;autres, ont critiqu\u00e9 l&rsquo;autorit\u00e9 per\u00e7ue des \u00c9tats-Unis, demandant si les \u00ab\u00a0trumpistes\u00a0\u00bb se croyaient \u00ab\u00a0rois du monde\u00a0\u00bb. Les comptes m\u00e9diatiques, comme @franceinfo et @France24_fr, ont relay\u00e9 les critiques du Medef, renfor\u00e7ant le sentiment d&rsquo;opposition. Malgr\u00e9 des recherches, peu de posts soutenant explicitement la politique anti-DEI ont \u00e9t\u00e9 trouv\u00e9s, sugg\u00e9rant une pr\u00e9dominance des critiques. Toutefois, quelques messages ont lou\u00e9 la politique am\u00e9ricaine en esp\u00e9rant la fin du \u201cwokisme\u201d en France.<\/span><\/p>\n<p>&nbsp;<\/p>\n<p><b>D\u00e9bats sur la pertinence du concept DEI<\/b> <span style=\"font-weight: 400;\"><br \/>\n<\/span><span style=\"font-weight: 400;\">Une autre partie des discussions se focalise sur le d\u00e9bat de fond concernant la discrimination positive. Certains internautes, attach\u00e9s \u00e0 une vision progressiste de l\u2019inclusion, d\u00e9fendent les politiques DEI en soulignant leur n\u00e9cessit\u00e9 dans une soci\u00e9t\u00e9 en qu\u00eate de justice et de diversit\u00e9. \u00c0 l\u2019inverse, d\u2019autres pr\u00f4nent une approche purement m\u00e9ritocratique, rejoignant en cela la logique du d\u00e9cret am\u00e9ricain.<\/span><\/p>\n<p><b>Critiques de l&rsquo;extraterritorialit\u00e9<\/b><span style=\"font-weight: 400;\">\u00a0<\/span><\/p>\n<p><span style=\"font-weight: 400;\">De nombreux utilisateurs d\u00e9noncent le fait que les \u00c9tats-Unis cherchent \u00e0 imposer leurs propres normes et r\u00e9glementations \u2013 issues de politiques anti-DEI mises en \u0153uvre depuis le retour de Trump \u2013 \u00e0 des soci\u00e9t\u00e9s \u00e9trang\u00e8res. On voit \u00e9merger des hashtags tels que <\/span><b>#StopIng\u00e9rences<\/b><span style=\"font-weight: 400;\"> ou <\/span><b>#Souverainet\u00e9DEI<\/b><span style=\"font-weight: 400;\">, symbolisant l\u2019indignation face \u00e0 ce qu\u2019ils per\u00e7oivent comme une empi\u00e9tement sur la souverainet\u00e9 fran\u00e7aise et europ\u00e9enne.<\/span><\/p>\n<p><span style=\"font-weight: 400;\">D\u2019autres acteurs, notamment des dirigeants d\u2019entreprises et des juristes, d\u00e9battent de la l\u00e9galit\u00e9 et de l\u2019applicabilit\u00e9 de ce d\u00e9cret sur le sol fran\u00e7ais, soulignant que le cadre juridique fran\u00e7ais \u2014 qui limite notamment la collecte de donn\u00e9es ethniques et encadre strictement la discrimination positive \u2014 est en contradiction avec ce type de mesure.<\/span><\/p>\n<p><b>Questionnement sur l\u2019impact pour les entreprises<\/b> <span style=\"font-weight: 400;\"><br \/>\n<\/span><span style=\"font-weight: 400;\">Il est \u00e9galement question, sur X, des cons\u00e9quences pratiques pour les entreprises fran\u00e7aises qui se retrouvent face \u00e0 ce dilemme : renoncer \u00e0 des politiques d\u2019inclusion longtemps int\u00e9gr\u00e9es dans leur mod\u00e8le ou risquer de perdre des contrats lucratifs avec l\u2019\u00c9tat f\u00e9d\u00e9ral am\u00e9ricain.<\/span><\/p>\n<p><span style=\"font-weight: 400;\">Enfin, des voix sur X rappellent que plusieurs grandes entreprises fran\u00e7aises, fi\u00e8res de leur mod\u00e8le d\u2019inclusion (dans des secteurs comme le luxe, les t\u00e9l\u00e9coms ou l\u2019\u00e9nergie), n\u2019ont pas l\u2019intention de c\u00e9der \u00e0 cette pression, affirmant ainsi leur attachement aux valeurs de diversit\u00e9 et d\u2019\u00e9galit\u00e9.<\/span><\/p>\n<p><img loading=\"lazy\" decoding=\"async\" class=\"aligncenter wp-image-61886\" src=\"https:\/\/onclusive.com\/wp-content\/uploads\/2025\/04\/DEI-France-lettre-ambassade-1.png\" alt=\"\" width=\"600\" height=\"414\" srcset=\"https:\/\/onclusive.com\/wp-content\/uploads\/2025\/04\/DEI-France-lettre-ambassade-1.png 1008w, https:\/\/onclusive.com\/wp-content\/uploads\/2025\/04\/DEI-France-lettre-ambassade-1-300x207.png 300w, https:\/\/onclusive.com\/wp-content\/uploads\/2025\/04\/DEI-France-lettre-ambassade-1-768x530.png 768w, https:\/\/onclusive.com\/wp-content\/uploads\/2025\/04\/DEI-France-lettre-ambassade-1-640x442.png 640w\" sizes=\"(max-width: 639px) 98vw, (max-width: 1199px) 64vw, 600px\" \/><\/p>\n<p>&nbsp;<\/p>\n<h2><span style=\"font-weight: 400;\">Dans les m\u00e9dias \u00e9trangers<\/span><\/h2>\n<p><span style=\"font-weight: 400;\">La nouvelle a \u00e9t\u00e9 couverte par les m\u00e9dias \u00e9trangers. Des m\u00e9dias internationaux, tels que le New York Times, AP News, DW (Deutsche Welle et le Financial Times, ont rapport\u00e9 cette histoire. Ces articles soulignent les tensions diplomatiques, la France d\u00e9non\u00e7ant cette mesure comme une \u00ab ing\u00e9rence inacceptable \u00bb, et notent que certaines entreprises fran\u00e7aises n&rsquo;ayant pas d&rsquo;activit\u00e9s aux \u00c9tats-Unis ont \u00e9galement \u00e9t\u00e9 touch\u00e9es, ce qui est un d\u00e9tail inattendu.<\/span><\/p>\n<p><span style=\"font-weight: 400;\">La couverture semble se concentrer sur la controverse entourant le d\u00e9cret du pr\u00e9sident Trump interdisant les programmes de DEI\u00a0 et son application extraterritoriale, avec des r\u00e9actions de responsables fran\u00e7ais comme la ministre de l&rsquo;\u00c9galit\u00e9 entre les femmes et les hommes, Aurore Berg\u00e9, affirmant que de nombreuses entreprises fran\u00e7aises n&rsquo;envisagent pas de changer leurs politiques, soulignant que la France ne permettra pas d&#8217;emp\u00eacher ses entreprises de promouvoir le progr\u00e8s social, selon<\/span><a href=\"https:\/\/apnews.com\/article\/french-companies-dei-letter-us-trump-diversity-7ef9ad5839b0a3ded6fa454a8ea84d1d\" target=\"_blank\" rel=\"noopener\"> <span style=\"font-weight: 400;\">AP News<\/span><\/a><span style=\"font-weight: 400;\">.<\/span><\/p>\n<p><span style=\"font-weight: 400;\">Les articles fournissent des comptes rendus d\u00e9taill\u00e9s du contenu de la lettre, de la r\u00e9action du gouvernement fran\u00e7ais et des implications plus larges pour les relations transatlantiques. Par exemple, <\/span><span style=\"font-weight: 400;\">\u00a0<\/span><span style=\"font-weight: 400;\">Le New York Times<\/span><span style=\"font-weight: 400;\"> a fait \u00e9tat du d\u00e9lai de cinq jours pour se conformer \u00e0 la lettre, tandis que<\/span><a href=\"https:\/\/apnews.com\/article\/french-companies-dei-letter-us-trump-diversity-7ef9ad5839b0a3ded6fa454a8ea84d1d\" target=\"_blank\" rel=\"noopener\"> <span style=\"font-weight: 400;\">AP News<\/span><\/a><span style=\"font-weight: 400;\"> a soulign\u00e9 la d\u00e9claration de la ministre fran\u00e7aise Aurore Berg\u00e9 selon laquelle de nombreuses entreprises n&rsquo;ont pas l&rsquo;intention de modifier leurs politiques, soulignant ainsi l&rsquo;engagement de la France en faveur du progr\u00e8s social.<\/span><\/p>\n<p><span style=\"font-weight: 400;\">D&rsquo;autres articles comme ceux de<\/span><a href=\"https:\/\/www.dw.com\/en\/france-slams-us-interference-in-firms-diversity-programs\/a-72085616\" target=\"_blank\" rel=\"noopener\"> <span style=\"font-weight: 400;\">DW<\/span><\/a><span style=\"font-weight: 400;\"> et<\/span><a href=\"https:\/\/www.ft.com\/content\/02ed56af-7595-4cb3-a138-f1b703ffde84\" target=\"_blank\" rel=\"noopener\"> <span style=\"font-weight: 400;\">Financial Times<\/span><\/a><span style=\"font-weight: 400;\"> l&rsquo;analysent comme faisant partie de la campagne id\u00e9ologique plus large de Trump. La couverture comprend \u00e9galement des r\u00e9actions d&rsquo;autres pays europ\u00e9ens, avec<\/span><a href=\"https:\/\/www.politico.eu\/article\/france-belgium-scoff-at-anti-dei-policy-letter-from-donald-trump-administration\/\" target=\"_blank\" rel=\"noopener\"> <span style=\"font-weight: 400;\">POLITICO<\/span><\/a><span style=\"font-weight: 400;\"> rapportant la critique du vice-premier ministre belge Jan Jambon, sugg\u00e9rant une r\u00e9action europ\u00e9enne plus large. L&rsquo;inclusion inattendue d&rsquo;entreprises n&rsquo;ayant pas d&rsquo;activit\u00e9s aux \u00c9tats-Unis, comme le note<\/span><a href=\"https:\/\/www.cnbc.com\/2025\/03\/29\/trump-administration-warns-european-companies-to-comply-with-anti-dei-order.html\" target=\"_blank\" rel=\"noopener\"> <span style=\"font-weight: 400;\">CNBC<\/span><\/a><span style=\"font-weight: 400;\">, pourrait conduire \u00e0 de nouveaux d\u00e9bats sur la comp\u00e9tence extraterritoriale, un sujet susceptible de trouver un \u00e9cho dans les milieux juridiques et commerciaux internationaux.<\/span><\/p>\n<p><span style=\"font-weight: 400;\">Cette affaire met en lumi\u00e8re un conflit entre les priorit\u00e9s politiques am\u00e9ricaines et les pratiques des entreprises fran\u00e7aises, o\u00f9 les DEI, bien que moins d\u00e9velopp\u00e9s qu&rsquo;aux \u00c9tats-Unis, incluent des quotas l\u00e9gaux comme 40 % de femmes dans les conseils pour les grandes entreprises. L&rsquo;impact potentiel sur les relations franco-am\u00e9ricaines est notable, avec des accusations d&rsquo;ing\u00e9rence pouvant mener \u00e0 une crise diplomatique, comme le sugg\u00e8rent<\/span> <span style=\"font-weight: 400;\">certains medias. Sur les r\u00e9seaux sociaux les discussions amplifient l&rsquo;indignation, mais restent fragment\u00e9es, sans consensus clair, refl\u00e9tant des divisions id\u00e9ologiques sur la souverainet\u00e9 et la diversit\u00e9.<\/span><\/p>\n<p><b>Pour poursuivre la r\u00e9flexion, t\u00e9l\u00e9chargez notre rapport sur les marques les plus influentes en mati\u00e8re de DEI et d\u00e9veloppement durable dans le monde :<\/b><\/p>\n<p><a href=\"https:\/\/onclusive.com\/fr\/ressources\/livres-blancs\/brand-influence-index-2025\/\" target=\"_blank\" rel=\"noopener\"><img loading=\"lazy\" decoding=\"async\" class=\"aligncenter wp-image-61900\" src=\"https:\/\/onclusive.com\/wp-content\/uploads\/2025\/04\/Email-2-3.png\" alt=\"\" width=\"605\" height=\"202\" srcset=\"https:\/\/onclusive.com\/wp-content\/uploads\/2025\/04\/Email-2-3.png 975w, https:\/\/onclusive.com\/wp-content\/uploads\/2025\/04\/Email-2-3-300x100.png 300w, https:\/\/onclusive.com\/wp-content\/uploads\/2025\/04\/Email-2-3-768x256.png 768w, https:\/\/onclusive.com\/wp-content\/uploads\/2025\/04\/Email-2-3-640x213.png 640w\" sizes=\"(max-width: 639px) 98vw, (max-width: 1199px) 64vw, 605px\" \/><\/a><\/p>\n \n\t\t\t\t\t\t\t\t\t\t\t\t\t\t\t<\/div>\n\t\t\t\t\t\t\n\t\t\t\t\t\t\n\t\t\t\t\t\t\n\t\t\t\t\t<\/div>\n\t\t\t\t<\/div>\n\t\t\t<\/div>\n\n\t\t\n<\/section> \n\n\n","protected":false},"excerpt":{"rendered":"","protected":false},"author":28,"featured_media":61907,"comment_status":"closed","ping_status":"open","sticky":false,"template":"blog-post-new-template.php","format":"standard","meta":{"_acf_changed":false,"content-type":"","inline_featured_image":false,"footnotes":""},"audience":[],"topic":[524,462],"region":[],"class_list":["post-61885","post","type-post","status-publish","format-standard","has-post-thumbnail","hentry","topic-social-listening-fr","topic-veille-mediatique"],"acf":[],"_links":{"self":[{"href":"https:\/\/onclusive.com\/fr\/wp-json\/wp\/v2\/posts\/61885","targetHints":{"allow":["GET"]}}],"collection":[{"href":"https:\/\/onclusive.com\/fr\/wp-json\/wp\/v2\/posts"}],"about":[{"href":"https:\/\/onclusive.com\/fr\/wp-json\/wp\/v2\/types\/post"}],"author":[{"embeddable":true,"href":"https:\/\/onclusive.com\/fr\/wp-json\/wp\/v2\/users\/28"}],"replies":[{"embeddable":true,"href":"https:\/\/onclusive.com\/fr\/wp-json\/wp\/v2\/comments?post=61885"}],"version-history":[{"count":0,"href":"https:\/\/onclusive.com\/fr\/wp-json\/wp\/v2\/posts\/61885\/revisions"}],"wp:featuredmedia":[{"embeddable":true,"href":"https:\/\/onclusive.com\/fr\/wp-json\/wp\/v2\/media\/61907"}],"wp:attachment":[{"href":"https:\/\/onclusive.com\/fr\/wp-json\/wp\/v2\/media?parent=61885"}],"wp:term":[{"taxonomy":"audience","embeddable":true,"href":"https:\/\/onclusive.com\/fr\/wp-json\/wp\/v2\/audience?post=61885"},{"taxonomy":"topic","embeddable":true,"href":"https:\/\/onclusive.com\/fr\/wp-json\/wp\/v2\/topic?post=61885"},{"taxonomy":"region","embeddable":true,"href":"https:\/\/onclusive.com\/fr\/wp-json\/wp\/v2\/region?post=61885"}],"curies":[{"name":"wp","href":"https:\/\/api.w.org\/{rel}","templated":true}]}}