{"id":68118,"date":"2025-09-19T13:28:13","date_gmt":"2025-09-19T13:28:13","guid":{"rendered":"https:\/\/newonclusivstg.wpengine.com\/?p=68118"},"modified":"2025-10-17T14:04:38","modified_gmt":"2025-10-17T14:04:38","slug":"k-pop-et-haute-couture-comment-les-stars-asiatiques-ont-revolutionne-limpact-mediatique-de-la-nyfw-2025","status":"publish","type":"post","link":"https:\/\/onclusive.com\/fr\/resources\/blog\/k-pop-et-haute-couture-comment-les-stars-asiatiques-ont-revolutionne-limpact-mediatique-de-la-nyfw-2025\/","title":{"rendered":"K-pop et haute-couture : comment les stars asiatiques ont r\u00e9volutionn\u00e9 l\u2019impact m\u00e9diatique de la NYFW 2025"},"content":{"rendered":"\n<section\n    class=\"block-pcon\">\n\n      \n\t\t\t<div class=\"post_content--wrapper\">\n\t\t\t\t<div class=\"post_content--copy  \">\n\t\t\t\t\t<div class=\"post_content--copy-inner-wrapper\">\n\n\n\t\t\t\t\t\t\t\t\t\t\t\t\t<div class=\"post_content-copy-wrapper\">\n\t\t\t\t\t\t\t\t\t\t\t\t\t\t\t  \t\t<p><span style=\"font-weight: 400;\">Alors que le monde de la mode sort \u00e0 peine des podiums vibrants de Berlin, Copenhague, Amsterdam et Tokyo cet \u00e9t\u00e9, tous les regards se sont tourn\u00e9s vers les \u00ab Big 4 \u00bb capitales. La premi\u00e8re \u00e0 ouvrir le bal : la<\/span><b> Fashion Week de New York (NYFW)<\/b><span style=\"font-weight: 400;\">, v\u00e9ritable c\u0153ur battant du style am\u00e9ricain, qui s\u2019est tenue du 11 au 16 septembre 2025. Cette \u00e9dition ne s\u2019est pas content\u00e9e de silhouettes audacieuses et de cr\u00e9ations innovantes : elle a \u00e9t\u00e9 un v\u00e9ritable ph\u00e9nom\u00e8ne m\u00e9diatique, \u00e0 la fois digital et traditionnel. Dans cet article, nous plongeons dans les chiffres, mettons en lumi\u00e8re les marques, influenceurs et hashtags qui ont domin\u00e9 les conversations, et explorons ce que ces tendances r\u00e9v\u00e8lent de l\u2019\u00e9volution du paysage mode.<\/span><\/p>\n<p>&nbsp;<\/p>\n<h3><b>Points cl\u00e9s de la NYFW 2025<\/b><\/h3>\n<ol>\n<li style=\"font-weight: 400;\" aria-level=\"1\"><b>Visibilit\u00e9 port\u00e9e par les influenceurs :<\/b><span style=\"font-weight: 400;\"> le succ\u00e8s spectaculaire de Calvin Klein et COS d\u00e9montre que les partenariats strat\u00e9giques avec des influenceurs surpassent d\u00e9sormais les facteurs traditionnels de l\u2019industrie dans la g\u00e9n\u00e9ration d\u2019impact m\u00e9diatique.<\/span><span style=\"font-weight: 400;\">\n<p><\/span><\/li>\n<li style=\"font-weight: 400;\" aria-level=\"1\"><b>Influence asiatique :<\/b><span style=\"font-weight: 400;\"> la domination des stars de la K-pop et des c\u00e9l\u00e9brit\u00e9s tha\u00eflandaises traduit un d\u00e9placement de l\u2019influence mode des ic\u00f4nes occidentales vers les puissances du divertissement asiatique.<\/span><span style=\"font-weight: 400;\">\n<p><\/span><\/li>\n<li style=\"font-weight: 400;\" aria-level=\"1\"><b>Strat\u00e9gies r\u00e9gionales cibl\u00e9es :<\/b><span style=\"font-weight: 400;\"> le focus de COS sur l\u2019Asie du Sud-Est \u00e0 travers des stars tha\u00eflandaises prouve que des strat\u00e9gies d\u2019influence adapt\u00e9es \u00e0 une r\u00e9gion peuvent g\u00e9n\u00e9rer une visibilit\u00e9 mondiale.<\/span><span style=\"font-weight: 400;\">\n<p><\/span><\/li>\n<li style=\"font-weight: 400;\" aria-level=\"1\"><b>Mobilisation des fans :<\/b><span style=\"font-weight: 400;\"> la puissance des communaut\u00e9s de fans \u2013 en particulier dans la K-pop \u2013 a permis une amplification organique impossible \u00e0 reproduire par le marketing traditionnel.<\/span><span style=\"font-weight: 400;\">\n<p><\/span><\/li>\n<li style=\"font-weight: 400;\" aria-level=\"1\"><b>\u00c9cosyst\u00e8mes de hashtags :<\/b><span style=\"font-weight: 400;\"> les marques performantes ont cr\u00e9\u00e9 des \u00e9cosyst\u00e8mes de hashtags complets reliant c\u00e9l\u00e9brit\u00e9s et marques dans plusieurs configurations, maximisant ainsi la d\u00e9couvrabilit\u00e9.<\/span><span style=\"font-weight: 400;\">\n<p><\/span><\/li>\n<\/ol>\n<p><b><\/b><\/p>\n<p>&nbsp;<\/p>\n<h3><b>I. La NYFW en chiffres : une envol\u00e9e sur toutes les plateformes<\/b><\/h3>\n<p><span style=\"font-weight: 400;\">Du 10 au 16 septembre, la NYFW a d\u00e9clench\u00e9 une vague d\u2019engagement impressionnante.<\/span><span style=\"font-weight: 400;\"><br \/>\n<\/span><span style=\"font-weight: 400;\">Sur les r\u00e9seaux sociaux, l\u2019\u00e9v\u00e9nement a g\u00e9n\u00e9r\u00e9 <\/span><b>2,71 millions de mentions provenant de 1,59 million d\u2019auteurs uniques<\/b><span style=\"font-weight: 400;\">, atteignant une audience totale de <\/span><b>151,7 millions<\/b><span style=\"font-weight: 400;\">. Le point culminant ? Le d\u00e9fil\u00e9 Calvin Klein du 12 septembre, qui a propuls\u00e9 les mentions \u00e0 leur sommet et d\u00e9montr\u00e9 comment une seule pr\u00e9sentation phare peut embraser la sc\u00e8ne mondiale.<\/span><\/p>\n<p><span style=\"font-weight: 400;\">Les m\u00e9dias traditionnels n\u2019\u00e9taient pas en reste : sur la m\u00eame p\u00e9riode, <\/span><b>17 927 articles et reportages<\/b><span style=\"font-weight: 400;\"> (presse, web, TV, radio) ont diss\u00e9qu\u00e9 chaque d\u00e9tail de la NYFW.<\/span><span style=\"font-weight: 400;\"><br \/>\n<\/span><span style=\"font-weight: 400;\">Ces donn\u00e9es, issues des outils avanc\u00e9s de suivi d\u2019Onclusive \u2014 <\/span><a href=\"https:\/\/news-fr.onclusive.com\/news\/onclusive-lance-en-france-sa-nouvelle-plateforme-de-veille-medias-onclusive-360\" target=\"_blank\" rel=\"noopener\"><i><span style=\"font-weight: 400;\">Onclusive 360<\/span><\/i><\/a><span style=\"font-weight: 400;\"> pour la couverture traditionnelle et <\/span><a href=\"https:\/\/onclusive.com\/fr\/solutions\/veille\/social-listening\/\" target=\"_blank\" rel=\"noopener\"><i><span style=\"font-weight: 400;\">Onclusive Social<\/span><\/i><\/a><span style=\"font-weight: 400;\"> pour le digital \u2014 dressent le portrait d\u2019un \u00e9v\u00e9nement autant mastodonte m\u00e9diatique que vitrine de style.<\/span><\/p>\n<p><span style=\"font-weight: 400;\">Ces chiffres soulignent un changement cl\u00e9 : les m\u00e9dias traditionnels apportent profondeur et analyse, tandis que les plateformes sociales amplifient instantan\u00e9it\u00e9 et viralit\u00e9, cr\u00e9ant un \u00e9cosyst\u00e8me symbiotique o\u00f9 les tendances se propagent \u00e0 une vitesse fulgurante.<\/span><\/p>\n<p>&nbsp;<\/p>\n<p><img fetchpriority=\"high\" decoding=\"async\" fetchpriority=\"high\" class=\"aligncenter wp-image-68215 size-fp-medium\" src=\"https:\/\/onclusive.com\/wp-content\/uploads\/2025\/09\/FR-NYFW-sep-2025-SS26-1-1024x725.png\" alt=\"Impact m\u00e9diatique de la NYFW en chiffres : mentions et port\u00e9e\" width=\"1024\" height=\"725\" srcset=\"https:\/\/onclusive.com\/wp-content\/uploads\/2025\/09\/FR-NYFW-sep-2025-SS26-1-1024x725.png 1024w, https:\/\/onclusive.com\/wp-content\/uploads\/2025\/09\/FR-NYFW-sep-2025-SS26-1-300x213.png 300w, https:\/\/onclusive.com\/wp-content\/uploads\/2025\/09\/FR-NYFW-sep-2025-SS26-1-768x544.png 768w, https:\/\/onclusive.com\/wp-content\/uploads\/2025\/09\/FR-NYFW-sep-2025-SS26-1-640x453.png 640w, https:\/\/onclusive.com\/wp-content\/uploads\/2025\/09\/FR-NYFW-sep-2025-SS26-1.png 1200w\" sizes=\"(max-width: 639px) 98vw, (max-width: 1199px) 64vw, 770px\" \/><\/p>\n<p>&nbsp;<\/p>\n<h3><b>II. R\u00e9seaux sociaux : les marques de mode qui ont vol\u00e9 la vedette<\/b><\/h3>\n<p><span style=\"font-weight: 400;\">Dans l\u2019ar\u00e8ne ultra-comp\u00e9titive de la mode, la <\/span><b>part de voix (SOV &#8211; share of voice)<\/b><span style=\"font-weight: 400;\"> est reine : elle mesure le degr\u00e9 de domination d\u2019une marque dans les conversations face \u00e0 ses concurrentes. Parmi les 71 marques pr\u00e9sentes \u00e0 la NYFW, voici le Top 15, class\u00e9 par part de voix :<\/span><\/p>\n<div class=\"table-scroll-wrapper\"><table>\n<tbody>\n<tr>\n<td><b>Rang<\/b><\/td>\n<td><b>Marque<\/b><\/td>\n<td><b>Part de voix (%)<\/b><\/td>\n<\/tr>\n<tr>\n<td><span style=\"font-weight: 400;\">1<\/span><\/td>\n<td><span style=\"font-weight: 400;\">Calvin Klein Collection<\/span><\/td>\n<td><span style=\"font-weight: 400;\">69,58<\/span><\/td>\n<\/tr>\n<tr>\n<td><span style=\"font-weight: 400;\">2<\/span><\/td>\n<td><span style=\"font-weight: 400;\">COS<\/span><\/td>\n<td><span style=\"font-weight: 400;\">19,42<\/span><\/td>\n<\/tr>\n<tr>\n<td><span style=\"font-weight: 400;\">3<\/span><\/td>\n<td><span style=\"font-weight: 400;\">Coach<\/span><\/td>\n<td><span style=\"font-weight: 400;\">2,90<\/span><\/td>\n<\/tr>\n<tr>\n<td><span style=\"font-weight: 400;\">4<\/span><\/td>\n<td><span style=\"font-weight: 400;\">Off-White<\/span><\/td>\n<td><span style=\"font-weight: 400;\">2,03<\/span><\/td>\n<\/tr>\n<tr>\n<td><span style=\"font-weight: 400;\">5<\/span><\/td>\n<td><span style=\"font-weight: 400;\">Alexander Wang<\/span><\/td>\n<td><span style=\"font-weight: 400;\">1,74<\/span><\/td>\n<\/tr>\n<tr>\n<td><span style=\"font-weight: 400;\">6<\/span><\/td>\n<td><span style=\"font-weight: 400;\">Ralph Lauren<\/span><\/td>\n<td><span style=\"font-weight: 400;\">1,50<\/span><\/td>\n<\/tr>\n<tr>\n<td><span style=\"font-weight: 400;\">7<\/span><\/td>\n<td><span style=\"font-weight: 400;\">Sergio Hudson<\/span><\/td>\n<td><span style=\"font-weight: 400;\">0,63<\/span><\/td>\n<\/tr>\n<tr>\n<td><span style=\"font-weight: 400;\">8<\/span><\/td>\n<td><span style=\"font-weight: 400;\">Christian Siriano<\/span><\/td>\n<td><span style=\"font-weight: 400;\">0,43<\/span><\/td>\n<\/tr>\n<tr>\n<td><span style=\"font-weight: 400;\">9<\/span><\/td>\n<td><span style=\"font-weight: 400;\">Michael Kors<\/span><\/td>\n<td><span style=\"font-weight: 400;\">0,31<\/span><\/td>\n<\/tr>\n<tr>\n<td><span style=\"font-weight: 400;\">10<\/span><\/td>\n<td><span style=\"font-weight: 400;\">Theophilio<\/span><\/td>\n<td><span style=\"font-weight: 400;\">0,25<\/span><\/td>\n<\/tr>\n<tr>\n<td><span style=\"font-weight: 400;\">11<\/span><\/td>\n<td><span style=\"font-weight: 400;\">Luar<\/span><\/td>\n<td><span style=\"font-weight: 400;\">0,21<\/span><\/td>\n<\/tr>\n<tr>\n<td><span style=\"font-weight: 400;\">12<\/span><\/td>\n<td><span style=\"font-weight: 400;\">Khaite<\/span><\/td>\n<td><span style=\"font-weight: 400;\">0,18<\/span><\/td>\n<\/tr>\n<tr>\n<td><span style=\"font-weight: 400;\">13<\/span><\/td>\n<td><span style=\"font-weight: 400;\">Area<\/span><\/td>\n<td><span style=\"font-weight: 400;\">0,15<\/span><\/td>\n<\/tr>\n<tr>\n<td><span style=\"font-weight: 400;\">14<\/span><\/td>\n<td><span style=\"font-weight: 400;\">Anna Sui<\/span><\/td>\n<td><span style=\"font-weight: 400;\">0,13<\/span><\/td>\n<\/tr>\n<tr>\n<td><span style=\"font-weight: 400;\">15<\/span><\/td>\n<td><span style=\"font-weight: 400;\">Tory Burch<\/span><\/td>\n<td><span style=\"font-weight: 400;\">0,11<\/span><\/td>\n<\/tr>\n<\/tbody>\n<\/table><\/div>\n<p><i><span style=\"font-weight: 400;\">Les 15 marques de mode les plus en vue \u00e0 la NYFW, class\u00e9es selon leur part de voix (SOV)<\/span><\/i><\/p>\n<p>&nbsp;<\/p>\n<p><b>Calvin Klein<\/b><span style=\"font-weight: 400;\"> a quasiment monopolis\u00e9 les mentions (pr\u00e8s de 70 % !), preuve de sa strat\u00e9gie ma\u00eetris\u00e9e, probablement dop\u00e9e par des collaborations de haut vol et des r\u00e9v\u00e9lations marquantes. <\/span><b>COS<\/b><span style=\"font-weight: 400;\">, marque de luxe accessible, a assur\u00e9 une solide deuxi\u00e8me place, montrant que l\u2019inclusivit\u00e9 et l\u2019innovation r\u00e9sonnent fortement en ligne. <\/span><span style=\"font-weight: 400;\">Les v\u00e9t\u00e9rans comme <\/span><b>Ralph Lauren<\/b><span style=\"font-weight: 400;\"> ou <\/span><b>Michael Kors<\/b><span style=\"font-weight: 400;\"> se maintiennent, tandis que des noms \u00e9mergents comme Theophilio ou Luar insufflent une \u00e9nergie nouvelle venue de voix diverses.<\/span><\/p>\n<p><span style=\"font-weight: 400;\">Ce classement ne se r\u00e9duit pas \u00e0 des <\/span><span style=\"font-weight: 400;\">\u00ab vanity metrics \u00bb<\/span><span style=\"font-weight: 400;\"> : il refl\u00e8te le pouls des consommateurs. Les marques en t\u00eate sont celles qui ma\u00eetrisent l\u2019art de la pertinence culturelle, alliant h\u00e9ritage et hype pour rester incontournables.<\/span><\/p>\n<p><b><\/b><\/p>\n<p>&nbsp;<\/p>\n<h3><b>III. La puissance des stars : influenceurs et c\u00e9l\u00e9brit\u00e9s moteurs du r\u00e9cit<\/b><\/h3>\n<p><span style=\"font-weight: 400;\">Les Fashion Weeks prosp\u00e8rent gr\u00e2ce \u00e0 l\u2019aura des c\u00e9l\u00e9brit\u00e9s, et la NYFW 2025 n\u2019a pas d\u00e9rog\u00e9 \u00e0 la r\u00e8gle. Sur 150 influenceurs et stars analys\u00e9s, voici le Top 15 par part de voix :<\/span><\/p>\n<div class=\"table-scroll-wrapper\"><table>\n<tbody>\n<tr>\n<td><b>Rang<\/b><\/td>\n<td><b>Nom<\/b><\/td>\n<td><b>Part de voix (%)<\/b><\/td>\n<\/tr>\n<tr>\n<td><span style=\"font-weight: 400;\">1<\/span><\/td>\n<td><span style=\"font-weight: 400;\">Jung Kook<\/span><\/td>\n<td><span style=\"font-weight: 400;\">55,09<\/span><\/td>\n<\/tr>\n<tr>\n<td><span style=\"font-weight: 400;\">2<\/span><\/td>\n<td><span style=\"font-weight: 400;\">Zee Pruk<\/span><\/td>\n<td><span style=\"font-weight: 400;\">24,60<\/span><\/td>\n<\/tr>\n<tr>\n<td><span style=\"font-weight: 400;\">3<\/span><\/td>\n<td><span style=\"font-weight: 400;\">Milk Pansa<\/span><\/td>\n<td><span style=\"font-weight: 400;\">7,68<\/span><\/td>\n<\/tr>\n<tr>\n<td><span style=\"font-weight: 400;\">4<\/span><\/td>\n<td><span style=\"font-weight: 400;\">Caramelo<\/span><\/td>\n<td><span style=\"font-weight: 400;\">1,91<\/span><\/td>\n<\/tr>\n<tr>\n<td><span style=\"font-weight: 400;\">5<\/span><\/td>\n<td><span style=\"font-weight: 400;\">Cardi B<\/span><\/td>\n<td><span style=\"font-weight: 400;\">1,09<\/span><\/td>\n<\/tr>\n<tr>\n<td><span style=\"font-weight: 400;\">6<\/span><\/td>\n<td><span style=\"font-weight: 400;\">Olandria Carthen<\/span><\/td>\n<td><span style=\"font-weight: 400;\">1,02<\/span><\/td>\n<\/tr>\n<tr>\n<td><span style=\"font-weight: 400;\">7<\/span><\/td>\n<td><span style=\"font-weight: 400;\">Kulture<\/span><\/td>\n<td><span style=\"font-weight: 400;\">0,97<\/span><\/td>\n<\/tr>\n<tr>\n<td><span style=\"font-weight: 400;\">8<\/span><\/td>\n<td><span style=\"font-weight: 400;\">Winter (Aespa)<\/span><\/td>\n<td><span style=\"font-weight: 400;\">0,59<\/span><\/td>\n<\/tr>\n<tr>\n<td><span style=\"font-weight: 400;\">9<\/span><\/td>\n<td><span style=\"font-weight: 400;\">Britt Lower<\/span><\/td>\n<td><span style=\"font-weight: 400;\">0,57<\/span><\/td>\n<\/tr>\n<tr>\n<td><span style=\"font-weight: 400;\">10<\/span><\/td>\n<td><span style=\"font-weight: 400;\">Nick Jonas<\/span><\/td>\n<td><span style=\"font-weight: 400;\">0,57<\/span><\/td>\n<\/tr>\n<tr>\n<td><span style=\"font-weight: 400;\">11<\/span><\/td>\n<td><span style=\"font-weight: 400;\">Nico Parker<\/span><\/td>\n<td><span style=\"font-weight: 400;\">0,57<\/span><\/td>\n<\/tr>\n<tr>\n<td><span style=\"font-weight: 400;\">12<\/span><\/td>\n<td><span style=\"font-weight: 400;\">Elsa Hosk<\/span><\/td>\n<td><span style=\"font-weight: 400;\">0,55<\/span><\/td>\n<\/tr>\n<tr>\n<td><span style=\"font-weight: 400;\">13<\/span><\/td>\n<td><span style=\"font-weight: 400;\">Peso Pluma<\/span><\/td>\n<td><span style=\"font-weight: 400;\">0,55<\/span><\/td>\n<\/tr>\n<tr>\n<td><span style=\"font-weight: 400;\">14<\/span><\/td>\n<td><span style=\"font-weight: 400;\">Solange Knowles<\/span><\/td>\n<td><span style=\"font-weight: 400;\">0,52<\/span><\/td>\n<\/tr>\n<tr>\n<td><span style=\"font-weight: 400;\">15<\/span><\/td>\n<td><span style=\"font-weight: 400;\">Martha Stewart<\/span><\/td>\n<td><span style=\"font-weight: 400;\">0,44<\/span><\/td>\n<\/tr>\n<\/tbody>\n<\/table><\/div>\n<p><i><span style=\"font-weight: 400;\">Le Top 15 des influenceurs les plus cit\u00e9s sur les r\u00e9seaux sociaux pendant la Fashion Week de New York<\/span><\/i><\/p>\n<p>&nbsp;<\/p>\n<p><b>Jung Kook<\/b><span style=\"font-weight: 400;\"> (BTS) s\u2019est impos\u00e9 comme la supernova de la NYFW, ses endorsements \u00e9clipsant tous les autres et s\u2019alignant directement sur la domination de Calvin Klein. <\/span><span style=\"font-weight: 400;\">Les stars tha\u00eflandaises <\/span><b>Zee Pruk<\/b><span style=\"font-weight: 400;\"> et <\/span><b>Milk Pansa<\/b><span style=\"font-weight: 400;\"> ont suivi, confirmant le poids croissant de l\u2019Asie dans les conversations mode mondiales. Des ic\u00f4nes occidentales comme <\/span><b>Cardi B<\/b><span style=\"font-weight: 400;\"> ou <\/span><b>Solange Knowles<\/b><span style=\"font-weight: 400;\"> ont ajout\u00e9 une touche de force et d\u2019\u00e9l\u00e9gance, tandis que des figures inattendues comme Martha Stewart ont prouv\u00e9 que le charme intemporel reste un atout ind\u00e9niable.<\/span><\/p>\n<p><span style=\"font-weight: 400;\">Ces chiffres mettent en lumi\u00e8re une d\u00e9mocratisation de l\u2019influence : ce n\u2019est plus seulement l\u2019apanage des A-listers, mais aussi celui de cr\u00e9ateurs de niche et de sensations internationales qui redessinent la carte du pouvoir m\u00e9diatique.<\/span><\/p>\n<p>&nbsp;<\/p>\n<h3><b>IV: Cartographie des hashtags : les partenariats marque-c\u00e9l\u00e9brit\u00e9 dominent<\/b><\/h3>\n<p><span style=\"font-weight: 400;\">Les hashtags sont l\u2019ADN digital des tendances sociales, et ceux de la NYFW ont \u00e9t\u00e9 une v\u00e9ritable masterclass en synergie marque-influenceur. Voici le Top 15 par volume d\u2019utilisation :<\/span><\/p>\n<div class=\"table-scroll-wrapper\"><table>\n<tbody>\n<tr>\n<td><b>Rang<\/b><\/td>\n<td><b>Hashtag<\/b><\/td>\n<td><b>Mentions<\/b><\/td>\n<\/tr>\n<tr>\n<td><span style=\"font-weight: 400;\">1<\/span><\/td>\n<td><span style=\"font-weight: 400;\">#nyfw<\/span><\/td>\n<td><span style=\"font-weight: 400;\">730 701<\/span><\/td>\n<\/tr>\n<tr>\n<td><span style=\"font-weight: 400;\">2<\/span><\/td>\n<td><span style=\"font-weight: 400;\">#jungkookxcalvinklein<\/span><\/td>\n<td><span style=\"font-weight: 400;\">493 168<\/span><\/td>\n<\/tr>\n<tr>\n<td><span style=\"font-weight: 400;\">3<\/span><\/td>\n<td><span style=\"font-weight: 400;\">#cosaw25<\/span><\/td>\n<td><span style=\"font-weight: 400;\">337 569<\/span><\/td>\n<\/tr>\n<tr>\n<td><span style=\"font-weight: 400;\">4<\/span><\/td>\n<td><span style=\"font-weight: 400;\">#jungkookxnyfw<\/span><\/td>\n<td><span style=\"font-weight: 400;\">334 261<\/span><\/td>\n<\/tr>\n<tr>\n<td><span style=\"font-weight: 400;\">5<\/span><\/td>\n<td><span style=\"font-weight: 400;\">#costhailand<\/span><\/td>\n<td><span style=\"font-weight: 400;\">329 595<\/span><\/td>\n<\/tr>\n<tr>\n<td><span style=\"font-weight: 400;\">6<\/span><\/td>\n<td><span style=\"font-weight: 400;\">#cosaw2025xzee<\/span><\/td>\n<td><span style=\"font-weight: 400;\">328 521<\/span><\/td>\n<\/tr>\n<tr>\n<td><span style=\"font-weight: 400;\">7<\/span><\/td>\n<td><span style=\"font-weight: 400;\">#jungkook<\/span><\/td>\n<td><span style=\"font-weight: 400;\">327 695<\/span><\/td>\n<\/tr>\n<tr>\n<td><span style=\"font-weight: 400;\">8<\/span><\/td>\n<td><span style=\"font-weight: 400;\">#zeepruk<\/span><\/td>\n<td><span style=\"font-weight: 400;\">199 568<\/span><\/td>\n<\/tr>\n<tr>\n<td><span style=\"font-weight: 400;\">9<\/span><\/td>\n<td><span style=\"font-weight: 400;\">#jungkookforcalvinklein<\/span><\/td>\n<td><span style=\"font-weight: 400;\">124 053<\/span><\/td>\n<\/tr>\n<tr>\n<td><span style=\"font-weight: 400;\">10<\/span><\/td>\n<td><span style=\"font-weight: 400;\">#calvinklein<\/span><\/td>\n<td><span style=\"font-weight: 400;\">105 120<\/span><\/td>\n<\/tr>\n<tr>\n<td><span style=\"font-weight: 400;\">11<\/span><\/td>\n<td><span style=\"font-weight: 400;\">#newyorkfashionweek<\/span><\/td>\n<td><span style=\"font-weight: 400;\">97 356<\/span><\/td>\n<\/tr>\n<tr>\n<td><span style=\"font-weight: 400;\">12<\/span><\/td>\n<td><span style=\"font-weight: 400;\">#milkpansa<\/span><\/td>\n<td><span style=\"font-weight: 400;\">89 420<\/span><\/td>\n<\/tr>\n<tr>\n<td><span style=\"font-weight: 400;\">13<\/span><\/td>\n<td><span style=\"font-weight: 400;\">#calvinkleinxmilk<\/span><\/td>\n<td><span style=\"font-weight: 400;\">62 577<\/span><\/td>\n<\/tr>\n<tr>\n<td><span style=\"font-weight: 400;\">14<\/span><\/td>\n<td><span style=\"font-weight: 400;\">#zunshine<\/span><\/td>\n<td><span style=\"font-weight: 400;\">56 585<\/span><\/td>\n<\/tr>\n<tr>\n<td><span style=\"font-weight: 400;\">15<\/span><\/td>\n<td><span style=\"font-weight: 400;\">#calvinkleinss26<\/span><\/td>\n<td><span style=\"font-weight: 400;\">41 541<\/span><\/td>\n<\/tr>\n<\/tbody>\n<\/table><\/div>\n<p><span style=\"font-weight: 400;\">L\u2019\u00e9ternel <\/span><b>#nyfw<\/b><span style=\"font-weight: 400;\"> reste en t\u00eate, mais des hybrides comme <\/span><b>#jungkookxcalvinklein<\/b><span style=\"font-weight: 400;\"> ont explos\u00e9, fusionnant fandom de c\u00e9l\u00e9brit\u00e9 et fandom mode. Sept des 15 hashtags les plus utilis\u00e9s font r\u00e9f\u00e9rence directe au partenariat Jung Kook x Calvin Klein, tandis que quatre autres mettent en avant la collaboration de COS avec les c\u00e9l\u00e9brit\u00e9s tha\u00eflandaises <\/span><b>Zee Pruk<\/b><span style=\"font-weight: 400;\"> et <\/span><b>Milk Pansa<\/b><span style=\"font-weight: 400;\">.<\/span><\/p>\n<p>&nbsp;<\/p>\n<h3><b>V. L\u2019effet influenceur : comment Calvin Klein et COS ont domin\u00e9 la conversation<\/b><\/h3>\n<p><span style=\"font-weight: 400;\">La visibilit\u00e9 extraordinaire de Calvin Klein et COS \u2014 captant \u00e0 eux deux pr\u00e8s de 90 % de toutes les mentions de marques \u2014 est le fruit direct de leurs partenariats strat\u00e9giques avec des influenceurs. Ce n\u2019\u00e9tait pas une co\u00efncidence, mais une approche soigneusement orchestr\u00e9e pour maximiser <\/span><b>l\u2019impact m\u00e9diatique de la NYFW.<\/b><\/p>\n<p><span style=\"font-weight: 400;\">Calvin Klein &amp; Jung Kook : le partenariat avec le membre de BTS s\u2019est r\u00e9v\u00e9l\u00e9 le moteur m\u00e9diatique le plus puissant de la NYFW 2025. L\u2019apparition de la star mondiale a g\u00e9n\u00e9r\u00e9 des moments viraux multiples, avec des hashtags comme #jungkookxcalvinklein accumulant pr\u00e8s d\u2019un demi-million de mentions. Sa fanbase mondiale s\u2019est mobilis\u00e9e sur toutes les plateformes pour c\u00e9l\u00e9brer son passage sur le podium et les visuels de campagne.<\/span><span style=\"font-weight: 400;\"><\/p>\n<p><\/span><\/p>\n<p><span style=\"font-weight: 400;\">COS &amp; c\u00e9l\u00e9brit\u00e9s tha\u00eflandaises : COS a atteint une visibilit\u00e9 sans pr\u00e9c\u00e9dent gr\u00e2ce \u00e0 sa collaboration strat\u00e9gique avec Zee Pruk et Milk Pansa. Leur campagne \u00ab COS AW25 \u00bb, sp\u00e9cifiquement tourn\u00e9e vers l\u2019Asie du Sud-Est, a g\u00e9n\u00e9r\u00e9 des hashtags d\u00e9di\u00e9s comme #cosaw2025xzee, mentionn\u00e9 plus de 328 000 fois. R\u00e9sultat : COS est pass\u00e9 d\u2019un acteur interm\u00e9diaire \u00e0 la deuxi\u00e8me marque la plus discut\u00e9e de la NYFW.<\/span><span style=\"font-weight: 400;\"><\/p>\n<p><\/span><\/p>\n<p><span style=\"font-weight: 400;\">Ces partenariats influenceurs ont transform\u00e9 des d\u00e9fil\u00e9s qui auraient pu rester classiques en \u00e9v\u00e9nements m\u00e9diatiques mondiaux, d\u00e9montrant qu\u2019un partenariat avec la bonne c\u00e9l\u00e9brit\u00e9 peut g\u00e9n\u00e9rer plus d\u2019impact que la couverture mode traditionnelle, voire que les cr\u00e9ations elles-m\u00eames.<\/span><\/p>\n<p>&nbsp;<\/p>\n<h3><b>VI. Ce que cela signifie : les le\u00e7ons de la ma\u00eetrise de l\u2019impact m\u00e9diatique de la NYFW<\/b><\/h3>\n<p><span style=\"font-weight: 400;\">L\u2019empreinte m\u00e9diatique de la NYFW 2025 \u2014 m\u00ealant m\u00e9triques sociales explosives et couverture traditionnelle robuste \u2014 confirme son statut de colosse culturel. La domination \u00e9crasante de Calvin Klein et l\u2019attraction gravitationnelle de Jung Kook illustrent \u00e0 quel point les partenariats strat\u00e9giques peuvent \u00e9clipser la concurrence. Parall\u00e8lement, l\u2019ascension de talents internationaux comme Zee Pruk et Milk Pansa annonce un futur sans fronti\u00e8res, o\u00f9 K-pop, drama tha\u00eflandais et \u00e9nergie new-yorkaise se croisent.<\/span><\/p>\n<p><span style=\"font-weight: 400;\">Pour les marques, la le\u00e7on est claire : <\/span><b>l\u2019authenticit\u00e9 et la collaboration surpassent l\u2019isolement<\/b><span style=\"font-weight: 400;\">. Amplifier des voix diverses et capitaliser sur l\u2019instantan\u00e9it\u00e9 des moments live g\u00e9n\u00e8rent l\u2019engagement en temps r\u00e9el. Laisser la data guider le r\u00e9cit permet de rester pertinent.<\/span><span style=\"font-weight: 400;\"><br \/>\n<\/span><span style=\"font-weight: 400;\">Alors que la mode se pr\u00e9pare \u00e0 Milan et Paris, la NYFW fixe la barre : en 2025, l\u2019impact ne se mesure plus en m\u00e8tres de tissu, mais en millions de voix qui r\u00e9sonnent \u00e0 l\u2019\u00e9chelle mondiale.<\/span><\/p>\n<p>&nbsp;<\/p>\n<p><i><span style=\"font-weight: 400;\">Donn\u00e9es issues de <a href=\"https:\/\/news-fr.onclusive.com\/news\/onclusive-lance-en-france-sa-nouvelle-plateforme-de-veille-medias-onclusive-360\" target=\"_blank\" rel=\"noopener\">Onclusive 360<\/a> et <a href=\"https:\/\/onclusive.com\/fr\/solutions\/veille\/social-listening\/\" target=\"_blank\" rel=\"noopener\">Onclusive Social<\/a>, septembre 2025<\/span><\/i><\/p>\n<p>&nbsp;<\/p>\n<p><a href=\"https:\/\/onclusive.com\/fr\/contact\/\"><img decoding=\"async\" class=\"aligncenter wp-image-68199 size-fp-small\" src=\"https:\/\/onclusive.com\/wp-content\/uploads\/2025\/09\/FR-Onclusive-social-demo-640x360.png\" alt=\"\" width=\"640\" height=\"360\" srcset=\"https:\/\/onclusive.com\/wp-content\/uploads\/2025\/09\/FR-Onclusive-social-demo-640x360.png 640w, https:\/\/onclusive.com\/wp-content\/uploads\/2025\/09\/FR-Onclusive-social-demo-300x169.png 300w, https:\/\/onclusive.com\/wp-content\/uploads\/2025\/09\/FR-Onclusive-social-demo-1024x576.png 1024w, https:\/\/onclusive.com\/wp-content\/uploads\/2025\/09\/FR-Onclusive-social-demo-768x432.png 768w, https:\/\/onclusive.com\/wp-content\/uploads\/2025\/09\/FR-Onclusive-social-demo-1536x864.png 1536w, https:\/\/onclusive.com\/wp-content\/uploads\/2025\/09\/FR-Onclusive-social-demo-1200x675.png 1200w, https:\/\/onclusive.com\/wp-content\/uploads\/2025\/09\/FR-Onclusive-social-demo.png 1920w\" sizes=\"(max-width: 639px) 98vw, (max-width: 1199px) 64vw, 640px\" \/><\/a><\/p>\n<p>&nbsp;<\/p>\n<p><span style=\"font-weight: 400;\">Pr\u00eat \u00e0 faire passer votre social listening et votre veille m\u00e9diatique au niveau sup\u00e9rieur? <\/span><a href=\"https:\/\/onclusive.com\/fr\/contact\/\" target=\"_blank\" rel=\"noopener\"><span style=\"font-weight: 400;\">Contactez-nous<\/span><\/a><span style=\"font-weight: 400;\"> d\u00e8s aujourd\u2019hui pour d\u00e9couvrir comment la plateforme Onclusive peut vous aider \u00e0 suivre, analyser et r\u00e9pondre \u00e0 la couverture m\u00e9diatique avec pr\u00e9cision et facilit\u00e9.<\/span><\/p>\n \n\t\t\t\t\t\t\t\t\t\t\t\t\t\t\t<\/div>\n\t\t\t\t\t\t\n\t\t\t\t\t\t\n\t\t\t\t\t\t\n\t\t\t\t\t<\/div>\n\t\t\t\t<\/div>\n\t\t\t<\/div>\n\n\t\t\n<\/section> \n\n\n","protected":false},"excerpt":{"rendered":"","protected":false},"author":45,"featured_media":68073,"comment_status":"closed","ping_status":"open","sticky":false,"template":"","format":"standard","meta":{"_acf_changed":false,"content-type":"","inline_featured_image":false,"footnotes":""},"audience":[],"topic":[524],"region":[],"class_list":["post-68118","post","type-post","status-publish","format-standard","has-post-thumbnail","hentry","topic-social-listening-fr"],"acf":[],"_links":{"self":[{"href":"https:\/\/onclusive.com\/fr\/wp-json\/wp\/v2\/posts\/68118","targetHints":{"allow":["GET"]}}],"collection":[{"href":"https:\/\/onclusive.com\/fr\/wp-json\/wp\/v2\/posts"}],"about":[{"href":"https:\/\/onclusive.com\/fr\/wp-json\/wp\/v2\/types\/post"}],"author":[{"embeddable":true,"href":"https:\/\/onclusive.com\/fr\/wp-json\/wp\/v2\/users\/45"}],"replies":[{"embeddable":true,"href":"https:\/\/onclusive.com\/fr\/wp-json\/wp\/v2\/comments?post=68118"}],"version-history":[{"count":0,"href":"https:\/\/onclusive.com\/fr\/wp-json\/wp\/v2\/posts\/68118\/revisions"}],"wp:featuredmedia":[{"embeddable":true,"href":"https:\/\/onclusive.com\/fr\/wp-json\/wp\/v2\/media\/68073"}],"wp:attachment":[{"href":"https:\/\/onclusive.com\/fr\/wp-json\/wp\/v2\/media?parent=68118"}],"wp:term":[{"taxonomy":"audience","embeddable":true,"href":"https:\/\/onclusive.com\/fr\/wp-json\/wp\/v2\/audience?post=68118"},{"taxonomy":"topic","embeddable":true,"href":"https:\/\/onclusive.com\/fr\/wp-json\/wp\/v2\/topic?post=68118"},{"taxonomy":"region","embeddable":true,"href":"https:\/\/onclusive.com\/fr\/wp-json\/wp\/v2\/region?post=68118"}],"curies":[{"name":"wp","href":"https:\/\/api.w.org\/{rel}","templated":true}]}}